
{"id":77711,"date":"2025-09-08T17:30:00","date_gmt":"2025-09-08T15:30:00","guid":{"rendered":"https:\/\/camminiditalia.org\/discovering-the-cammino-di-san-benedetto-the-tale-of-an-authentic-italy-through-the-eyes-of-an-architect\/"},"modified":"2025-09-18T11:04:21","modified_gmt":"2025-09-18T09:04:21","slug":"discovering-the-cammino-di-san-benedetto-the-tale-of-an-authentic-italy-through-the-eyes-of-an-architect","status":"publish","type":"post","link":"https:\/\/camminiditalia.org\/en\/discovering-the-cammino-di-san-benedetto-the-tale-of-an-authentic-italy-through-the-eyes-of-an-architect\/","title":{"rendered":"Discovering the CAMMINO DI SAN BENEDETTO: The tale of an authentic Italy through the eyes of an architect."},"content":{"rendered":"\n<p>For several years already, I have been<b> dedicated to slow travel and there are thousands of kilometers I have traveled<\/b>, between the Iberian Peninsula and Italy.<\/p>\n\n<p>Simply <b>walking allowed me to discover places and cultures in an authentic and slow way<\/b> and gave me the opportunity to meet people with whom I shared unique moments and life stories.<\/p>\n\n<p>But in addition to having a walking soul, I <b>am an architect<\/b>, and this led me to be involved by the <b>Directorate General for Museums at the Working Table for the project to enhance the <a href=\"https:\/\/www.beniculturali.it\/luogo\/certosa-di-trisulti\">Certosa di Trisulti<\/a><\/b>, a place of immense artistic and architectural prestige<b> that lies along the <a href=\"https:\/\/camminiditalia.org\/en\/cammini\/cammino-di-san-benedetto\/\">Cammino di San Benedetto<\/a><\/b>.<\/p>\n\n<p>During the first meetings at the Table, however, I wondered how I could manage to make my contribution to bring light back to a place of such great beauty, without knowing the path from there.<\/p>\n\n<figure class=\"wp-block-image aligncenter size-full is-resized\"><img decoding=\"async\" src=\"https:\/\/media-camminiditalia.nbg1.your-objectstorage.com\/wp-content\/uploads\/2023\/07\/image3-1-e1690193975101.jpg\" alt=\"\" class=\"wp-image-24241\" style=\"width:338px;height:450px\"\/><figcaption class=\"wp-element-caption\">Vincenzo Falcone: Certosa di Trisulti entrance, Collepardo.<\/figcaption><\/figure>\n\n<p>I felt within me the desire and duty to know those places, people and history.<\/p>\n\n<p><b>So it was last August 2022 that I decided to leave.<\/b><\/p>\n\n<p>The path traverses<b> <\/b>the green heart of Italy for three hundred kilometers, <b>leading from the city of Norcia to the Abbey of Montecassino<\/b>.<\/p>\n\n<p>I knew that this path would not be easy, but I had not yet really understood its true scope. In fact, from the very first day it was<b> really challenging<\/b>. I walked <b>more than 25 kilometers through valleys and dense forests of the Umbrian region.<\/b>  <\/p>\n\n<p><b>The continuous ups and downs of the<\/b> <b>Central<\/b> <b>Apennines<\/b> are real tests,<b> requiring a lot of discipline, physical and mental endurance <\/b>for a walker. The following days were just as challenging, but also more rewarding, the landscapes were breathtaking and it was really nice to meet and dine with the local people where I stopped to rest. <\/p>\n\n<p>On the way, I <b>passed through the unspoiled nature of the Upper Valnerina<\/b>, enchanting places, and villages considered among the most beautiful in Italy. I visited churches, slept in the<b>Hermitage of San Biagio<\/b>, which overlooks the impressive<b> Sacro Speco di San Benedetto in Subiaco<\/b>. <\/p>\n\n<p><\/p>\n\n<p><b>The most difficult part of<\/b> the walk was definitely<b> the ascent to Monte Cassino<\/b>, where the Abbey founded by St. Benedict is located. The climb was steep and tiring, but when I reached the top and saw the beautiful Abbey, I realized that all the effort was worth it. My journey ended in the<b> Cloister of Paradise, a Renaissance masterpiece in Bramante&#8217;s style<\/b>, <b>with a breathtaking view of the Liri Valley<\/b>.  <\/p>\n\n<p>The CAMMINO DI SAN BENEDETTO was <b>an incredible experience<\/b>. I experienced the beauty of nature, <b>met wonderful people, and discovered the history and spirituality of an ancient and authentic Italy.<\/b> <\/p>\n\n<div style=\"height:100px\" aria-hidden=\"true\" class=\"wp-block-spacer\"><\/div>\n\n<p>&#8220;Cammini Aperti&#8221; Initiative &#8211; An initiative financed by the Development and Cohesion Fund, Development and Cohesion Plan under the Ministry of Culture, &#8220;The Religious Paths of St. Francis, St. Benedict and St. Scholastica &#8211; Cross Actions&#8221; of which the Ministry of Tourism is a beneficiary.<br\/><\/p>\n\n<figure class=\"wp-block-image aligncenter size-large is-resized\"><img loading=\"lazy\" decoding=\"async\" width=\"1024\" height=\"133\" src=\"https:\/\/media-camminiditalia.nbg1.your-objectstorage.com\/2025\/08\/Progetto-senza-titolo-30-1024x133.png\" alt=\"\" class=\"wp-image-74722\" style=\"width:870px;height:auto\" srcset=\"https:\/\/media-camminiditalia.nbg1.your-objectstorage.com\/2025\/08\/Progetto-senza-titolo-30-1024x133.png 1024w, https:\/\/media-camminiditalia.nbg1.your-objectstorage.com\/2025\/08\/Progetto-senza-titolo-30-300x39.png 300w, https:\/\/media-camminiditalia.nbg1.your-objectstorage.com\/2025\/08\/Progetto-senza-titolo-30-768x100.png 768w, https:\/\/media-camminiditalia.nbg1.your-objectstorage.com\/2025\/08\/Progetto-senza-titolo-30-1536x200.png 1536w, https:\/\/media-camminiditalia.nbg1.your-objectstorage.com\/2025\/08\/Progetto-senza-titolo-30-600x78.png 600w, https:\/\/media-camminiditalia.nbg1.your-objectstorage.com\/2025\/08\/Progetto-senza-titolo-30.png 1920w\" sizes=\"auto, (max-width: 1024px) 100vw, 1024px\" \/><\/figure>\n\n<p><\/p>\n\n<p><\/p>\n","protected":false},"excerpt":{"rendered":"<p>For several years already, I have been dedicated to slow travel and there are thousands of kilometers I have traveled, between the Iberian Peninsula and Italy. Simply walking allowed me to discover places and cultures in an authentic and slow way and gave me the opportunity to meet people with whom I shared unique moments &hellip; <a href=\"https:\/\/camminiditalia.org\/en\/discovering-the-cammino-di-san-benedetto-the-tale-of-an-authentic-italy-through-the-eyes-of-an-architect\/\">Continued<\/a><\/p>\n","protected":false},"author":2,"featured_media":63124,"comment_status":"open","ping_status":"open","sticky":false,"template":"","format":"standard","meta":{"_acf_changed":false,"_jetpack_memberships_contains_paid_content":false,"footnotes":""},"categories":[1911],"tags":[2029],"class_list":["post-77711","post","type-post","status-publish","format-standard","has-post-thumbnail","hentry","category-diaries","tag-cammino-di-san-benedetto-tale"],"acf":{"mobile":{"ID":72818,"id":72818,"title":"IMG_6745-1-scaled-1","filename":"IMG_6745-1-scaled-1-1.jpg","filesize":62124,"url":"https:\/\/media-camminiditalia.nbg1.your-objectstorage.com\/2023\/05\/IMG_6745-1-scaled-1-1.jpg","link":"https:\/\/camminiditalia.org\/en\/discovering-the-cammino-di-san-benedetto-the-tale-of-an-authentic-italy-through-the-eyes-of-an-architect\/img_6745-1-scaled-1-2\/","alt":"","author":"2","description":"","caption":"","name":"img_6745-1-scaled-1-2","status":"inherit","uploaded_to":77711,"date":"2025-08-04 15:44:53","modified":"2025-09-18 09:04:20","menu_order":0,"mime_type":"image\/jpeg","type":"image","subtype":"jpeg","icon":"https:\/\/camminiditalia.org\/wp-includes\/images\/media\/default.png","width":300,"height":400,"sizes":{"thumbnail":"https:\/\/media-camminiditalia.nbg1.your-objectstorage.com\/2023\/05\/IMG_6745-1-scaled-1-1-150x150.jpg","thumbnail-width":150,"thumbnail-height":150,"medium":"https:\/\/media-camminiditalia.nbg1.your-objectstorage.com\/2023\/05\/IMG_6745-1-scaled-1-1-225x300.jpg","medium-width":225,"medium-height":300,"medium_large":"https:\/\/media-camminiditalia.nbg1.your-objectstorage.com\/2023\/05\/IMG_6745-1-scaled-1-1.jpg","medium_large-width":300,"medium_large-height":400,"large":"https:\/\/media-camminiditalia.nbg1.your-objectstorage.com\/2023\/05\/IMG_6745-1-scaled-1-1.jpg","large-width":300,"large-height":400,"1536x1536":"https:\/\/media-camminiditalia.nbg1.your-objectstorage.com\/2023\/05\/IMG_6745-1-scaled-1-1.jpg","1536x1536-width":300,"1536x1536-height":400,"2048x2048":"https:\/\/media-camminiditalia.nbg1.your-objectstorage.com\/2023\/05\/IMG_6745-1-scaled-1-1.jpg","2048x2048-width":300,"2048x2048-height":400,"tc_all_events_image":"https:\/\/media-camminiditalia.nbg1.your-objectstorage.com\/2023\/05\/IMG_6745-1-scaled-1-1.jpg","tc_all_events_image-width":300,"tc_all_events_image-height":400,"woocommerce_thumbnail":"https:\/\/media-camminiditalia.nbg1.your-objectstorage.com\/2023\/05\/IMG_6745-1-scaled-1-1-300x300.jpg","woocommerce_thumbnail-width":300,"woocommerce_thumbnail-height":300,"woocommerce_single":"https:\/\/media-camminiditalia.nbg1.your-objectstorage.com\/2023\/05\/IMG_6745-1-scaled-1-1.jpg","woocommerce_single-width":300,"woocommerce_single-height":400,"woocommerce_gallery_thumbnail":"https:\/\/media-camminiditalia.nbg1.your-objectstorage.com\/2023\/05\/IMG_6745-1-scaled-1-1-100x100.jpg","woocommerce_gallery_thumbnail-width":100,"woocommerce_gallery_thumbnail-height":100}},"desktop":{"ID":72822,"id":72822,"title":"Header Blog Post - Desktop (4)","filename":"Header-Blog-Post-Desktop-4.png","filesize":2391682,"url":"https:\/\/media-camminiditalia.nbg1.your-objectstorage.com\/2023\/05\/Header-Blog-Post-Desktop-4.png","link":"https:\/\/camminiditalia.org\/en\/discovering-the-cammino-di-san-benedetto-the-tale-of-an-authentic-italy-through-the-eyes-of-an-architect\/header-blog-post-desktop-4-3-2\/","alt":"","author":"2","description":"","caption":"","name":"header-blog-post-desktop-4-3-2","status":"inherit","uploaded_to":77711,"date":"2025-08-04 15:47:18","modified":"2025-09-18 09:04:20","menu_order":0,"mime_type":"image\/png","type":"image","subtype":"png","icon":"https:\/\/camminiditalia.org\/wp-includes\/images\/media\/default.png","width":1600,"height":600,"sizes":{"thumbnail":"https:\/\/media-camminiditalia.nbg1.your-objectstorage.com\/2023\/05\/Header-Blog-Post-Desktop-4-150x150.png","thumbnail-width":150,"thumbnail-height":150,"medium":"https:\/\/media-camminiditalia.nbg1.your-objectstorage.com\/2023\/05\/Header-Blog-Post-Desktop-4-300x113.png","medium-width":300,"medium-height":113,"medium_large":"https:\/\/media-camminiditalia.nbg1.your-objectstorage.com\/2023\/05\/Header-Blog-Post-Desktop-4-768x288.png","medium_large-width":768,"medium_large-height":288,"large":"https:\/\/media-camminiditalia.nbg1.your-objectstorage.com\/2023\/05\/Header-Blog-Post-Desktop-4-1024x384.png","large-width":1024,"large-height":384,"1536x1536":"https:\/\/media-camminiditalia.nbg1.your-objectstorage.com\/2023\/05\/Header-Blog-Post-Desktop-4-1536x576.png","1536x1536-width":1536,"1536x1536-height":576,"2048x2048":"https:\/\/media-camminiditalia.nbg1.your-objectstorage.com\/2023\/05\/Header-Blog-Post-Desktop-4.png","2048x2048-width":1600,"2048x2048-height":600,"tc_all_events_image":"https:\/\/media-camminiditalia.nbg1.your-objectstorage.com\/2023\/05\/Header-Blog-Post-Desktop-4-1100x600.png","tc_all_events_image-width":1100,"tc_all_events_image-height":600,"woocommerce_thumbnail":"https:\/\/media-camminiditalia.nbg1.your-objectstorage.com\/2023\/05\/Header-Blog-Post-Desktop-4-300x300.png","woocommerce_thumbnail-width":300,"woocommerce_thumbnail-height":300,"woocommerce_single":"https:\/\/media-camminiditalia.nbg1.your-objectstorage.com\/2023\/05\/Header-Blog-Post-Desktop-4-600x225.png","woocommerce_single-width":600,"woocommerce_single-height":225,"woocommerce_gallery_thumbnail":"https:\/\/media-camminiditalia.nbg1.your-objectstorage.com\/2023\/05\/Header-Blog-Post-Desktop-4-100x100.png","woocommerce_gallery_thumbnail-width":100,"woocommerce_gallery_thumbnail-height":100}},"authorFacebook":"","authorImage":{"ID":72825,"id":72825,"title":"SQUARE - In Cammino Nelle Aree Protette (1)","filename":"SQUARE-In-Cammino-Nelle-Aree-Protette-1.png","filesize":1180924,"url":"https:\/\/media-camminiditalia.nbg1.your-objectstorage.com\/2023\/05\/SQUARE-In-Cammino-Nelle-Aree-Protette-1.png","link":"https:\/\/camminiditalia.org\/en\/discovering-the-cammino-di-san-benedetto-the-tale-of-an-authentic-italy-through-the-eyes-of-an-architect\/square-in-cammino-nelle-aree-protette-1-2\/","alt":"","author":"2","description":"","caption":"","name":"square-in-cammino-nelle-aree-protette-1-2","status":"inherit","uploaded_to":77711,"date":"2025-08-04 15:52:27","modified":"2025-09-18 09:04:20","menu_order":0,"mime_type":"image\/png","type":"image","subtype":"png","icon":"https:\/\/camminiditalia.org\/wp-includes\/images\/media\/default.png","width":1080,"height":1080,"sizes":{"thumbnail":"https:\/\/media-camminiditalia.nbg1.your-objectstorage.com\/2023\/05\/SQUARE-In-Cammino-Nelle-Aree-Protette-1-150x150.png","thumbnail-width":150,"thumbnail-height":150,"medium":"https:\/\/media-camminiditalia.nbg1.your-objectstorage.com\/2023\/05\/SQUARE-In-Cammino-Nelle-Aree-Protette-1-300x300.png","medium-width":300,"medium-height":300,"medium_large":"https:\/\/media-camminiditalia.nbg1.your-objectstorage.com\/2023\/05\/SQUARE-In-Cammino-Nelle-Aree-Protette-1-768x768.png","medium_large-width":768,"medium_large-height":768,"large":"https:\/\/media-camminiditalia.nbg1.your-objectstorage.com\/2023\/05\/SQUARE-In-Cammino-Nelle-Aree-Protette-1-1024x1024.png","large-width":1024,"large-height":1024,"1536x1536":"https:\/\/media-camminiditalia.nbg1.your-objectstorage.com\/2023\/05\/SQUARE-In-Cammino-Nelle-Aree-Protette-1.png","1536x1536-width":1080,"1536x1536-height":1080,"2048x2048":"https:\/\/media-camminiditalia.nbg1.your-objectstorage.com\/2023\/05\/SQUARE-In-Cammino-Nelle-Aree-Protette-1.png","2048x2048-width":1080,"2048x2048-height":1080,"tc_all_events_image":"https:\/\/media-camminiditalia.nbg1.your-objectstorage.com\/2023\/05\/SQUARE-In-Cammino-Nelle-Aree-Protette-1-1080x680.png","tc_all_events_image-width":1080,"tc_all_events_image-height":680,"woocommerce_thumbnail":"https:\/\/media-camminiditalia.nbg1.your-objectstorage.com\/2023\/05\/SQUARE-In-Cammino-Nelle-Aree-Protette-1-300x300.png","woocommerce_thumbnail-width":300,"woocommerce_thumbnail-height":300,"woocommerce_single":"https:\/\/media-camminiditalia.nbg1.your-objectstorage.com\/2023\/05\/SQUARE-In-Cammino-Nelle-Aree-Protette-1-600x600.png","woocommerce_single-width":600,"woocommerce_single-height":600,"woocommerce_gallery_thumbnail":"https:\/\/media-camminiditalia.nbg1.your-objectstorage.com\/2023\/05\/SQUARE-In-Cammino-Nelle-Aree-Protette-1-100x100.png","woocommerce_gallery_thumbnail-width":100,"woocommerce_gallery_thumbnail-height":100}},"authorInstagram":"https:\/\/www.instagram.com\/vincenzofalcone_falco\/","authorLinkedin":"https:\/\/www.linkedin.com\/in\/vincenzo-falcone-48b32851\/?lipi=urn%3Ali%3Apage%3Ad_flagship3_people_connections%3Bc92qSpkySKWzNnvS53hUXw%3D%3D","authorName":"Vincenzo Falcone","authorTelegram":"","authorYoutube":"","header_link":{"title":"","url":"","target":"","0":""}},"yoast_head":"<!-- This site is optimized with the Yoast SEO plugin v27.1.1 - https:\/\/yoast.com\/product\/yoast-seo-wordpress\/ -->\n<title>Discovering the CAMMINO DI SAN BENEDETTO: The tale of an authentic Italy through the eyes of an architect.<\/title>\n<meta name=\"description\" content=\"From architect to walker along the fascinating CAMMINO DI SAN BENEDETTO, from Norcia to Montecassino, for more than 300 kilometers.\" \/>\n<meta name=\"robots\" content=\"index, follow, max-snippet:-1, max-image-preview:large, max-video-preview:-1\" \/>\n<link rel=\"canonical\" href=\"https:\/\/camminiditalia.org\/en\/discovering-the-cammino-di-san-benedetto-the-tale-of-an-authentic-italy-through-the-eyes-of-an-architect\/\" \/>\n<meta property=\"og:locale\" content=\"en_US\" \/>\n<meta property=\"og:type\" content=\"article\" \/>\n<meta property=\"og:title\" content=\"Discovering the CAMMINO DI SAN BENEDETTO: The tale of an authentic Italy through the eyes of an architect.\" \/>\n<meta property=\"og:description\" content=\"From architect to walker along the fascinating CAMMINO DI SAN BENEDETTO, from Norcia to Montecassino, for more than 300 kilometers.\" \/>\n<meta property=\"og:url\" content=\"https:\/\/camminiditalia.org\/en\/discovering-the-cammino-di-san-benedetto-the-tale-of-an-authentic-italy-through-the-eyes-of-an-architect\/\" \/>\n<meta property=\"og:site_name\" content=\"Cammini d&#039;Italia\" \/>\n<meta property=\"article:published_time\" content=\"2025-09-08T15:30:00+00:00\" \/>\n<meta property=\"article:modified_time\" content=\"2025-09-18T09:04:21+00:00\" \/>\n<meta property=\"og:image\" content=\"https:\/\/camminiditalia.org\/wp-content\/uploads\/2023\/05\/IMG_6745-1-scaled-1.jpg\" \/>\n\t<meta property=\"og:image:width\" content=\"300\" \/>\n\t<meta property=\"og:image:height\" content=\"400\" \/>\n\t<meta property=\"og:image:type\" content=\"image\/jpeg\" \/>\n<meta name=\"author\" content=\"Cammini d&#039;Italia\" \/>\n<meta name=\"twitter:card\" content=\"summary_large_image\" \/>\n<meta name=\"twitter:label1\" content=\"Written by\" \/>\n\t<meta name=\"twitter:data1\" content=\"Cammini d&#039;Italia\" \/>\n\t<meta name=\"twitter:label2\" content=\"Est. reading time\" \/>\n\t<meta name=\"twitter:data2\" content=\"2 minutes\" \/>\n<script type=\"application\/ld+json\" class=\"yoast-schema-graph\">{\"@context\":\"https:\/\/schema.org\",\"@graph\":[{\"@type\":\"Article\",\"@id\":\"https:\/\/camminiditalia.org\/en\/discovering-the-cammino-di-san-benedetto-the-tale-of-an-authentic-italy-through-the-eyes-of-an-architect\/#article\",\"isPartOf\":{\"@id\":\"https:\/\/camminiditalia.org\/en\/discovering-the-cammino-di-san-benedetto-the-tale-of-an-authentic-italy-through-the-eyes-of-an-architect\/\"},\"author\":{\"name\":\"Cammini d'Italia\",\"@id\":\"https:\/\/camminiditalia.org\/en\/#\/schema\/person\/4b06b30b975403de7f76426194567e6a\"},\"headline\":\"Discovering the CAMMINO DI SAN BENEDETTO: The tale of an authentic Italy through the eyes of an architect.\",\"datePublished\":\"2025-09-08T15:30:00+00:00\",\"dateModified\":\"2025-09-18T09:04:21+00:00\",\"mainEntityOfPage\":{\"@id\":\"https:\/\/camminiditalia.org\/en\/discovering-the-cammino-di-san-benedetto-the-tale-of-an-authentic-italy-through-the-eyes-of-an-architect\/\"},\"wordCount\":512,\"commentCount\":0,\"publisher\":{\"@id\":\"https:\/\/camminiditalia.org\/en\/#organization\"},\"image\":{\"@id\":\"https:\/\/camminiditalia.org\/en\/discovering-the-cammino-di-san-benedetto-the-tale-of-an-authentic-italy-through-the-eyes-of-an-architect\/#primaryimage\"},\"thumbnailUrl\":\"https:\/\/media-camminiditalia.nbg1.your-objectstorage.com\/wp-content\/uploads\/2023\/05\/IMG_6745-1-scaled-1.jpg\",\"keywords\":[\"CAMMINO DI SAN BENEDETTO tale\"],\"articleSection\":[\"Diaries\"],\"inLanguage\":\"en-US\",\"potentialAction\":[{\"@type\":\"CommentAction\",\"name\":\"Comment\",\"target\":[\"https:\/\/camminiditalia.org\/en\/discovering-the-cammino-di-san-benedetto-the-tale-of-an-authentic-italy-through-the-eyes-of-an-architect\/#respond\"]}]},{\"@type\":\"WebPage\",\"@id\":\"https:\/\/camminiditalia.org\/en\/discovering-the-cammino-di-san-benedetto-the-tale-of-an-authentic-italy-through-the-eyes-of-an-architect\/\",\"url\":\"https:\/\/camminiditalia.org\/en\/discovering-the-cammino-di-san-benedetto-the-tale-of-an-authentic-italy-through-the-eyes-of-an-architect\/\",\"name\":\"Discovering the CAMMINO DI SAN BENEDETTO: The tale of an authentic Italy through the eyes of an architect.\",\"isPartOf\":{\"@id\":\"https:\/\/camminiditalia.org\/en\/#website\"},\"primaryImageOfPage\":{\"@id\":\"https:\/\/camminiditalia.org\/en\/discovering-the-cammino-di-san-benedetto-the-tale-of-an-authentic-italy-through-the-eyes-of-an-architect\/#primaryimage\"},\"image\":{\"@id\":\"https:\/\/camminiditalia.org\/en\/discovering-the-cammino-di-san-benedetto-the-tale-of-an-authentic-italy-through-the-eyes-of-an-architect\/#primaryimage\"},\"thumbnailUrl\":\"https:\/\/media-camminiditalia.nbg1.your-objectstorage.com\/wp-content\/uploads\/2023\/05\/IMG_6745-1-scaled-1.jpg\",\"datePublished\":\"2025-09-08T15:30:00+00:00\",\"dateModified\":\"2025-09-18T09:04:21+00:00\",\"description\":\"From architect to walker along the fascinating CAMMINO DI SAN BENEDETTO, from Norcia to Montecassino, for more than 300 kilometers.\",\"breadcrumb\":{\"@id\":\"https:\/\/camminiditalia.org\/en\/discovering-the-cammino-di-san-benedetto-the-tale-of-an-authentic-italy-through-the-eyes-of-an-architect\/#breadcrumb\"},\"inLanguage\":\"en-US\",\"potentialAction\":[{\"@type\":\"ReadAction\",\"target\":[\"https:\/\/camminiditalia.org\/en\/discovering-the-cammino-di-san-benedetto-the-tale-of-an-authentic-italy-through-the-eyes-of-an-architect\/\"]}]},{\"@type\":\"ImageObject\",\"inLanguage\":\"en-US\",\"@id\":\"https:\/\/camminiditalia.org\/en\/discovering-the-cammino-di-san-benedetto-the-tale-of-an-authentic-italy-through-the-eyes-of-an-architect\/#primaryimage\",\"url\":\"https:\/\/media-camminiditalia.nbg1.your-objectstorage.com\/wp-content\/uploads\/2023\/05\/IMG_6745-1-scaled-1.jpg\",\"contentUrl\":\"https:\/\/media-camminiditalia.nbg1.your-objectstorage.com\/wp-content\/uploads\/2023\/05\/IMG_6745-1-scaled-1.jpg\",\"width\":300,\"height\":400,\"caption\":\"Cammino di San Benedetto tale\"},{\"@type\":\"BreadcrumbList\",\"@id\":\"https:\/\/camminiditalia.org\/en\/discovering-the-cammino-di-san-benedetto-the-tale-of-an-authentic-italy-through-the-eyes-of-an-architect\/#breadcrumb\",\"itemListElement\":[{\"@type\":\"ListItem\",\"position\":1,\"name\":\"Home\",\"item\":\"https:\/\/camminiditalia.org\/en\/\"},{\"@type\":\"ListItem\",\"position\":2,\"name\":\"Discovering the CAMMINO DI SAN BENEDETTO: The tale of an authentic Italy through the eyes of an architect.\"}]},{\"@type\":\"WebSite\",\"@id\":\"https:\/\/camminiditalia.org\/en\/#website\",\"url\":\"https:\/\/camminiditalia.org\/en\/\",\"name\":\"Cammini d'Italia\",\"description\":\"Plan, walk and share!\",\"publisher\":{\"@id\":\"https:\/\/camminiditalia.org\/en\/#organization\"},\"potentialAction\":[{\"@type\":\"SearchAction\",\"target\":{\"@type\":\"EntryPoint\",\"urlTemplate\":\"https:\/\/camminiditalia.org\/en\/?s={search_term_string}\"},\"query-input\":{\"@type\":\"PropertyValueSpecification\",\"valueRequired\":true,\"valueName\":\"search_term_string\"}}],\"inLanguage\":\"en-US\"},{\"@type\":\"Organization\",\"@id\":\"https:\/\/camminiditalia.org\/en\/#organization\",\"name\":\"Cammini d'Italia srls\",\"url\":\"https:\/\/camminiditalia.org\/en\/\",\"logo\":{\"@type\":\"ImageObject\",\"inLanguage\":\"en-US\",\"@id\":\"https:\/\/camminiditalia.org\/en\/#\/schema\/logo\/image\/\",\"url\":\"https:\/\/media-camminiditalia.nbg1.your-objectstorage.com\/wp-content\/uploads\/2023\/08\/Risorsa-2-8-e1690918206850.png\",\"contentUrl\":\"https:\/\/media-camminiditalia.nbg1.your-objectstorage.com\/wp-content\/uploads\/2023\/08\/Risorsa-2-8-e1690918206850.png\",\"width\":1076,\"height\":329,\"caption\":\"Cammini d'Italia srls\"},\"image\":{\"@id\":\"https:\/\/camminiditalia.org\/en\/#\/schema\/logo\/image\/\"}},{\"@type\":\"Person\",\"@id\":\"https:\/\/camminiditalia.org\/en\/#\/schema\/person\/4b06b30b975403de7f76426194567e6a\",\"name\":\"Cammini d'Italia\",\"image\":{\"@type\":\"ImageObject\",\"inLanguage\":\"en-US\",\"@id\":\"https:\/\/camminiditalia.org\/en\/#\/schema\/person\/image\/\",\"url\":\"https:\/\/secure.gravatar.com\/avatar\/235ecdd2de98af2031751931616ec8576855cd7759aeeb1643cbb763e5ca6f66?s=96&d=mm&r=g\",\"contentUrl\":\"https:\/\/secure.gravatar.com\/avatar\/235ecdd2de98af2031751931616ec8576855cd7759aeeb1643cbb763e5ca6f66?s=96&d=mm&r=g\",\"caption\":\"Cammini d'Italia\"},\"url\":\"https:\/\/camminiditalia.org\/en\/author\/camminiditalia\/\"}]}<\/script>\n<!-- \/ Yoast SEO plugin. -->","yoast_head_json":{"title":"Discovering the CAMMINO DI SAN BENEDETTO: The tale of an authentic Italy through the eyes of an architect.","description":"From architect to walker along the fascinating CAMMINO DI SAN BENEDETTO, from Norcia to Montecassino, for more than 300 kilometers.","robots":{"index":"index","follow":"follow","max-snippet":"max-snippet:-1","max-image-preview":"max-image-preview:large","max-video-preview":"max-video-preview:-1"},"canonical":"https:\/\/camminiditalia.org\/en\/discovering-the-cammino-di-san-benedetto-the-tale-of-an-authentic-italy-through-the-eyes-of-an-architect\/","og_locale":"en_US","og_type":"article","og_title":"Discovering the CAMMINO DI SAN BENEDETTO: The tale of an authentic Italy through the eyes of an architect.","og_description":"From architect to walker along the fascinating CAMMINO DI SAN BENEDETTO, from Norcia to Montecassino, for more than 300 kilometers.","og_url":"https:\/\/camminiditalia.org\/en\/discovering-the-cammino-di-san-benedetto-the-tale-of-an-authentic-italy-through-the-eyes-of-an-architect\/","og_site_name":"Cammini d&#039;Italia","article_published_time":"2025-09-08T15:30:00+00:00","article_modified_time":"2025-09-18T09:04:21+00:00","og_image":[{"width":300,"height":400,"url":"https:\/\/camminiditalia.org\/wp-content\/uploads\/2023\/05\/IMG_6745-1-scaled-1.jpg","type":"image\/jpeg"}],"author":"Cammini d'Italia","twitter_card":"summary_large_image","twitter_misc":{"Written by":"Cammini d'Italia","Est. reading time":"2 minutes"},"schema":{"@context":"https:\/\/schema.org","@graph":[{"@type":"Article","@id":"https:\/\/camminiditalia.org\/en\/discovering-the-cammino-di-san-benedetto-the-tale-of-an-authentic-italy-through-the-eyes-of-an-architect\/#article","isPartOf":{"@id":"https:\/\/camminiditalia.org\/en\/discovering-the-cammino-di-san-benedetto-the-tale-of-an-authentic-italy-through-the-eyes-of-an-architect\/"},"author":{"name":"Cammini d'Italia","@id":"https:\/\/camminiditalia.org\/en\/#\/schema\/person\/4b06b30b975403de7f76426194567e6a"},"headline":"Discovering the CAMMINO DI SAN BENEDETTO: The tale of an authentic Italy through the eyes of an architect.","datePublished":"2025-09-08T15:30:00+00:00","dateModified":"2025-09-18T09:04:21+00:00","mainEntityOfPage":{"@id":"https:\/\/camminiditalia.org\/en\/discovering-the-cammino-di-san-benedetto-the-tale-of-an-authentic-italy-through-the-eyes-of-an-architect\/"},"wordCount":512,"commentCount":0,"publisher":{"@id":"https:\/\/camminiditalia.org\/en\/#organization"},"image":{"@id":"https:\/\/camminiditalia.org\/en\/discovering-the-cammino-di-san-benedetto-the-tale-of-an-authentic-italy-through-the-eyes-of-an-architect\/#primaryimage"},"thumbnailUrl":"https:\/\/media-camminiditalia.nbg1.your-objectstorage.com\/wp-content\/uploads\/2023\/05\/IMG_6745-1-scaled-1.jpg","keywords":["CAMMINO DI SAN BENEDETTO tale"],"articleSection":["Diaries"],"inLanguage":"en-US","potentialAction":[{"@type":"CommentAction","name":"Comment","target":["https:\/\/camminiditalia.org\/en\/discovering-the-cammino-di-san-benedetto-the-tale-of-an-authentic-italy-through-the-eyes-of-an-architect\/#respond"]}]},{"@type":"WebPage","@id":"https:\/\/camminiditalia.org\/en\/discovering-the-cammino-di-san-benedetto-the-tale-of-an-authentic-italy-through-the-eyes-of-an-architect\/","url":"https:\/\/camminiditalia.org\/en\/discovering-the-cammino-di-san-benedetto-the-tale-of-an-authentic-italy-through-the-eyes-of-an-architect\/","name":"Discovering the CAMMINO DI SAN BENEDETTO: The tale of an authentic Italy through the eyes of an architect.","isPartOf":{"@id":"https:\/\/camminiditalia.org\/en\/#website"},"primaryImageOfPage":{"@id":"https:\/\/camminiditalia.org\/en\/discovering-the-cammino-di-san-benedetto-the-tale-of-an-authentic-italy-through-the-eyes-of-an-architect\/#primaryimage"},"image":{"@id":"https:\/\/camminiditalia.org\/en\/discovering-the-cammino-di-san-benedetto-the-tale-of-an-authentic-italy-through-the-eyes-of-an-architect\/#primaryimage"},"thumbnailUrl":"https:\/\/media-camminiditalia.nbg1.your-objectstorage.com\/wp-content\/uploads\/2023\/05\/IMG_6745-1-scaled-1.jpg","datePublished":"2025-09-08T15:30:00+00:00","dateModified":"2025-09-18T09:04:21+00:00","description":"From architect to walker along the fascinating CAMMINO DI SAN BENEDETTO, from Norcia to Montecassino, for more than 300 kilometers.","breadcrumb":{"@id":"https:\/\/camminiditalia.org\/en\/discovering-the-cammino-di-san-benedetto-the-tale-of-an-authentic-italy-through-the-eyes-of-an-architect\/#breadcrumb"},"inLanguage":"en-US","potentialAction":[{"@type":"ReadAction","target":["https:\/\/camminiditalia.org\/en\/discovering-the-cammino-di-san-benedetto-the-tale-of-an-authentic-italy-through-the-eyes-of-an-architect\/"]}]},{"@type":"ImageObject","inLanguage":"en-US","@id":"https:\/\/camminiditalia.org\/en\/discovering-the-cammino-di-san-benedetto-the-tale-of-an-authentic-italy-through-the-eyes-of-an-architect\/#primaryimage","url":"https:\/\/media-camminiditalia.nbg1.your-objectstorage.com\/wp-content\/uploads\/2023\/05\/IMG_6745-1-scaled-1.jpg","contentUrl":"https:\/\/media-camminiditalia.nbg1.your-objectstorage.com\/wp-content\/uploads\/2023\/05\/IMG_6745-1-scaled-1.jpg","width":300,"height":400,"caption":"Cammino di San Benedetto tale"},{"@type":"BreadcrumbList","@id":"https:\/\/camminiditalia.org\/en\/discovering-the-cammino-di-san-benedetto-the-tale-of-an-authentic-italy-through-the-eyes-of-an-architect\/#breadcrumb","itemListElement":[{"@type":"ListItem","position":1,"name":"Home","item":"https:\/\/camminiditalia.org\/en\/"},{"@type":"ListItem","position":2,"name":"Discovering the CAMMINO DI SAN BENEDETTO: The tale of an authentic Italy through the eyes of an architect."}]},{"@type":"WebSite","@id":"https:\/\/camminiditalia.org\/en\/#website","url":"https:\/\/camminiditalia.org\/en\/","name":"Cammini d'Italia","description":"Plan, walk and share!","publisher":{"@id":"https:\/\/camminiditalia.org\/en\/#organization"},"potentialAction":[{"@type":"SearchAction","target":{"@type":"EntryPoint","urlTemplate":"https:\/\/camminiditalia.org\/en\/?s={search_term_string}"},"query-input":{"@type":"PropertyValueSpecification","valueRequired":true,"valueName":"search_term_string"}}],"inLanguage":"en-US"},{"@type":"Organization","@id":"https:\/\/camminiditalia.org\/en\/#organization","name":"Cammini d'Italia srls","url":"https:\/\/camminiditalia.org\/en\/","logo":{"@type":"ImageObject","inLanguage":"en-US","@id":"https:\/\/camminiditalia.org\/en\/#\/schema\/logo\/image\/","url":"https:\/\/media-camminiditalia.nbg1.your-objectstorage.com\/wp-content\/uploads\/2023\/08\/Risorsa-2-8-e1690918206850.png","contentUrl":"https:\/\/media-camminiditalia.nbg1.your-objectstorage.com\/wp-content\/uploads\/2023\/08\/Risorsa-2-8-e1690918206850.png","width":1076,"height":329,"caption":"Cammini d'Italia srls"},"image":{"@id":"https:\/\/camminiditalia.org\/en\/#\/schema\/logo\/image\/"}},{"@type":"Person","@id":"https:\/\/camminiditalia.org\/en\/#\/schema\/person\/4b06b30b975403de7f76426194567e6a","name":"Cammini d'Italia","image":{"@type":"ImageObject","inLanguage":"en-US","@id":"https:\/\/camminiditalia.org\/en\/#\/schema\/person\/image\/","url":"https:\/\/secure.gravatar.com\/avatar\/235ecdd2de98af2031751931616ec8576855cd7759aeeb1643cbb763e5ca6f66?s=96&d=mm&r=g","contentUrl":"https:\/\/secure.gravatar.com\/avatar\/235ecdd2de98af2031751931616ec8576855cd7759aeeb1643cbb763e5ca6f66?s=96&d=mm&r=g","caption":"Cammini d'Italia"},"url":"https:\/\/camminiditalia.org\/en\/author\/camminiditalia\/"}]}},"jetpack_featured_media_url":"https:\/\/media-camminiditalia.nbg1.your-objectstorage.com\/wp-content\/uploads\/2023\/05\/IMG_6745-1-scaled-1.jpg","jetpack-related-posts":[{"id":22940,"url":"https:\/\/camminiditalia.org\/vincenzo-falcone-cammino-di-san-benedetto\/","url_meta":{"origin":77711,"position":0},"title":"Alla scoperta del Cammino di San Benedetto: Il racconto di un\u2019Italia autentica attraverso gli occhi di un architetto.","author":"Cammini d'Italia","date":"8 September 2025","format":false,"excerpt":"Gi\u00e0 da diversi anni, mi dedico allo slow travel e sono migliaia i chilometri che ho percorso, tra la penisola iberica e l\u2019Italia. Il semplice camminare mi ha consentito di scoprire luoghi e culture in modo autentico e lento e mi ha dato la possibilit\u00e0 di incontrare persone con cui\u2026","rel":"","context":"In &quot;Diari&quot;","block_context":{"text":"Diari","link":"https:\/\/camminiditalia.org\/category\/diari\/"},"img":{"alt_text":"","src":"https:\/\/i0.wp.com\/media-camminiditalia.nbg1.your-objectstorage.com\/wp-content\/uploads\/2023\/07\/image3-1-e1690193975101.jpg?resize=350%2C200&ssl=1","width":350,"height":200},"classes":[]},{"id":68709,"url":"https:\/\/camminiditalia.org\/benefici-psicologici-camminare-in-natura\/","url_meta":{"origin":77711,"position":1},"title":"I benefici psicologici di camminare in natura","author":"Sara Massarotto","date":"30 June 2025","format":false,"excerpt":"Che camminare faccia bene al corpo \u00e8 ormai noto: migliora la salute cardiovascolare, rafforza muscoli e ossa, aiuta a controllare il peso. Ma quello che forse non tutti sanno \u00e8 che fa bene (e tanto!) anche alla mente.Se sei qui, probabilmente gi\u00e0 sai che camminare \u00e8 una droga. Quel senso\u2026","rel":"","context":"In &quot;Blog&quot;","block_context":{"text":"Blog","link":"https:\/\/camminiditalia.org\/category\/blog\/"},"img":{"alt_text":"","src":"https:\/\/i0.wp.com\/media-camminiditalia.nbg1.your-objectstorage.com\/2025\/07\/IE-Benessere-psicologico-Natura-Cammini-dItalia-min.webp?resize=350%2C200&ssl=1","width":350,"height":200,"srcset":"https:\/\/i0.wp.com\/media-camminiditalia.nbg1.your-objectstorage.com\/2025\/07\/IE-Benessere-psicologico-Natura-Cammini-dItalia-min.webp?resize=350%2C200&ssl=1 1x, https:\/\/i0.wp.com\/media-camminiditalia.nbg1.your-objectstorage.com\/2025\/07\/IE-Benessere-psicologico-Natura-Cammini-dItalia-min.webp?resize=525%2C300&ssl=1 1.5x, https:\/\/i0.wp.com\/media-camminiditalia.nbg1.your-objectstorage.com\/2025\/07\/IE-Benessere-psicologico-Natura-Cammini-dItalia-min.webp?resize=700%2C400&ssl=1 2x"},"classes":[]},{"id":25334,"url":"https:\/\/camminiditalia.org\/smart-walking-sul-cammino-piu-piccolo-ditalia\/","url_meta":{"origin":77711,"position":2},"title":"Smart Walking sul cammino pi\u00f9 piccolo d&#8217;Italia","author":"Cammini d'Italia","date":"12 September 2023","format":false,"excerpt":"Dal 12 al 14 settembre Davide Fiz di Smart Walking camminer\u00e0 sul Cammino dei Tre Villaggi, il Cammino pi\u00f9 piccolo d\u2019Italia. Partir\u00e0 ai piedi da Villa San Giovanni in Tuscia e far\u00e0 tappa a Barbarano Romano e Blera, prima di tornare a Villa: il Cammino dei Tre Villaggi \u00e8 infatti\u2026","rel":"","context":"In &quot;Diari&quot;","block_context":{"text":"Diari","link":"https:\/\/camminiditalia.org\/category\/diari\/"},"img":{"alt_text":"Smart walking sul cammino pi\u00f9 piccolo d'Italia","src":"https:\/\/i0.wp.com\/media-camminiditalia.nbg1.your-objectstorage.com\/wp-content\/uploads\/2023\/09\/WhatsApp-Image-2023-09-11-at-16.20.37.jpeg?resize=350%2C200&ssl=1","width":350,"height":200,"srcset":"https:\/\/i0.wp.com\/media-camminiditalia.nbg1.your-objectstorage.com\/wp-content\/uploads\/2023\/09\/WhatsApp-Image-2023-09-11-at-16.20.37.jpeg?resize=350%2C200&ssl=1 1x, https:\/\/i0.wp.com\/media-camminiditalia.nbg1.your-objectstorage.com\/wp-content\/uploads\/2023\/09\/WhatsApp-Image-2023-09-11-at-16.20.37.jpeg?resize=525%2C300&ssl=1 1.5x, https:\/\/i0.wp.com\/media-camminiditalia.nbg1.your-objectstorage.com\/wp-content\/uploads\/2023\/09\/WhatsApp-Image-2023-09-11-at-16.20.37.jpeg?resize=700%2C400&ssl=1 2x, https:\/\/i0.wp.com\/media-camminiditalia.nbg1.your-objectstorage.com\/wp-content\/uploads\/2023\/09\/WhatsApp-Image-2023-09-11-at-16.20.37.jpeg?resize=1050%2C600&ssl=1 3x"},"classes":[]},{"id":24566,"url":"https:\/\/camminiditalia.org\/birra-post-trekking-e-un-buon-integratore\/","url_meta":{"origin":77711,"position":3},"title":"Birra post-trekking: \u00e8 un buon integratore?","author":"Vincenzo Caruso","date":"3 August 2023","format":false,"excerpt":"Birra Post-Trekking: la tradizione dei camminatori A chi non \u00e8 capitato di percorrere un trekking o un cammino in compagnia e, magari durante un\u2019uscita estiva o dopo uno sforzo fisico particolarmente impegnativo, sentir dire da qualcuno \u201cNon vedo l\u2019ora di arrivare a fine tappa e prendere una birretta\u201d?! Sono tanti\u2026","rel":"","context":"In &quot;Curiosit\u00e0&quot;","block_context":{"text":"Curiosit\u00e0","link":"https:\/\/camminiditalia.org\/category\/curiosita\/"},"img":{"alt_text":"","src":"https:\/\/i0.wp.com\/media-camminiditalia.nbg1.your-objectstorage.com\/wp-content\/uploads\/2023\/08\/4-CAMMINI-COAST-TO-COAST-5.png?resize=350%2C200&ssl=1","width":350,"height":200,"srcset":"https:\/\/i0.wp.com\/media-camminiditalia.nbg1.your-objectstorage.com\/wp-content\/uploads\/2023\/08\/4-CAMMINI-COAST-TO-COAST-5.png?resize=350%2C200&ssl=1 1x, https:\/\/i0.wp.com\/media-camminiditalia.nbg1.your-objectstorage.com\/wp-content\/uploads\/2023\/08\/4-CAMMINI-COAST-TO-COAST-5.png?resize=525%2C300&ssl=1 1.5x, https:\/\/i0.wp.com\/media-camminiditalia.nbg1.your-objectstorage.com\/wp-content\/uploads\/2023\/08\/4-CAMMINI-COAST-TO-COAST-5.png?resize=700%2C400&ssl=1 2x, https:\/\/i0.wp.com\/media-camminiditalia.nbg1.your-objectstorage.com\/wp-content\/uploads\/2023\/08\/4-CAMMINI-COAST-TO-COAST-5.png?resize=1050%2C600&ssl=1 3x, https:\/\/i0.wp.com\/media-camminiditalia.nbg1.your-objectstorage.com\/wp-content\/uploads\/2023\/08\/4-CAMMINI-COAST-TO-COAST-5.png?resize=1400%2C800&ssl=1 4x"},"classes":[]},{"id":51471,"url":"https:\/\/camminiditalia.org\/cammini-aperti-2025-edizione-speciale-giubileo\/","url_meta":{"origin":77711,"position":4},"title":"Cammini Aperti: edizione speciale per il Giubileo 2025","author":"Davide Nanna","date":"17 April 2025","format":false,"excerpt":"Il 10 e 11 maggio 2025 torna la seconda edizione di Cammini Aperti 2025 edizione speciale Giubileo, un evento nazionale che porter\u00e0 centinaia di camminatori a esplorare gratuitamente alcuni dei pi\u00f9 importanti itinerari spirituali\/religiosi italiani. Contenuto Sponsorizzato - Cammini d'Italia \u00e8 Media Partner di Cammini Aperti 2025 Umbria - Vie\u2026","rel":"","context":"In &quot;News&quot;","block_context":{"text":"News","link":"https:\/\/camminiditalia.org\/category\/news\/"},"img":{"alt_text":"","src":"https:\/\/i0.wp.com\/media-camminiditalia.nbg1.your-objectstorage.com\/2025\/04\/Card-Blog-Post-32.png?resize=350%2C200&ssl=1","width":350,"height":200,"srcset":"https:\/\/i0.wp.com\/media-camminiditalia.nbg1.your-objectstorage.com\/2025\/04\/Card-Blog-Post-32.png?resize=350%2C200&ssl=1 1x, https:\/\/i0.wp.com\/media-camminiditalia.nbg1.your-objectstorage.com\/2025\/04\/Card-Blog-Post-32.png?resize=525%2C300&ssl=1 1.5x, https:\/\/i0.wp.com\/media-camminiditalia.nbg1.your-objectstorage.com\/2025\/04\/Card-Blog-Post-32.png?resize=700%2C400&ssl=1 2x"},"classes":[]},{"id":48616,"url":"https:\/\/camminiditalia.org\/john-muir\/","url_meta":{"origin":77711,"position":5},"title":"John Muir: l&#8217;uomo che ha salvato la natura","author":"Cammini d'Italia","date":"7 March 2025","format":false,"excerpt":"Immagina di camminare tra foreste secolari, di scalare montagne innevate e di respirare l'aria pura di valli incontaminate. Questo era il mondo di John Muir, un uomo che non solo ha esplorato la natura selvaggia, ma ha anche lottato con tutte le sue forze per proteggerla. Grazie alla sua passione\u2026","rel":"","context":"In &quot;Curiosit\u00e0&quot;","block_context":{"text":"Curiosit\u00e0","link":"https:\/\/camminiditalia.org\/category\/curiosita\/"},"img":{"alt_text":"","src":"https:\/\/i0.wp.com\/media-camminiditalia.nbg1.your-objectstorage.com\/2025\/03\/1.png?resize=350%2C200&ssl=1","width":350,"height":200,"srcset":"https:\/\/i0.wp.com\/media-camminiditalia.nbg1.your-objectstorage.com\/2025\/03\/1.png?resize=350%2C200&ssl=1 1x, https:\/\/i0.wp.com\/media-camminiditalia.nbg1.your-objectstorage.com\/2025\/03\/1.png?resize=525%2C300&ssl=1 1.5x, https:\/\/i0.wp.com\/media-camminiditalia.nbg1.your-objectstorage.com\/2025\/03\/1.png?resize=700%2C400&ssl=1 2x"},"classes":[]}],"jetpack_sharing_enabled":true,"_links":{"self":[{"href":"https:\/\/camminiditalia.org\/en\/wp-json\/wp\/v2\/posts\/77711","targetHints":{"allow":["GET"]}}],"collection":[{"href":"https:\/\/camminiditalia.org\/en\/wp-json\/wp\/v2\/posts"}],"about":[{"href":"https:\/\/camminiditalia.org\/en\/wp-json\/wp\/v2\/types\/post"}],"author":[{"embeddable":true,"href":"https:\/\/camminiditalia.org\/en\/wp-json\/wp\/v2\/users\/2"}],"replies":[{"embeddable":true,"href":"https:\/\/camminiditalia.org\/en\/wp-json\/wp\/v2\/comments?post=77711"}],"version-history":[{"count":0,"href":"https:\/\/camminiditalia.org\/en\/wp-json\/wp\/v2\/posts\/77711\/revisions"}],"wp:featuredmedia":[{"embeddable":true,"href":"https:\/\/camminiditalia.org\/en\/wp-json\/wp\/v2\/media\/63124"}],"wp:attachment":[{"href":"https:\/\/camminiditalia.org\/en\/wp-json\/wp\/v2\/media?parent=77711"}],"wp:term":[{"taxonomy":"category","embeddable":true,"href":"https:\/\/camminiditalia.org\/en\/wp-json\/wp\/v2\/categories?post=77711"},{"taxonomy":"post_tag","embeddable":true,"href":"https:\/\/camminiditalia.org\/en\/wp-json\/wp\/v2\/tags?post=77711"}],"curies":[{"name":"wp","href":"https:\/\/api.w.org\/{rel}","templated":true}]}}