
{"id":88647,"date":"2024-08-08T13:48:30","date_gmt":"2024-08-08T11:48:30","guid":{"rendered":"https:\/\/camminiditalia.org\/paseos-por-lombardia-lista-completa\/"},"modified":"2026-02-24T15:44:57","modified_gmt":"2026-02-24T14:44:57","slug":"paseos-por-lombardia-lista-completa","status":"publish","type":"post","link":"https:\/\/camminiditalia.org\/es\/paseos-por-lombardia-lista-completa\/","title":{"rendered":"Paseos por Lombard\u00eda: lista completa"},"content":{"rendered":"\n<p>Lombard\u00eda es una regi\u00f3n rica en historia, cultura y belleza natural y&#8230; \u00a1en Cammini!<br\/><br\/>Con sus variados paisajes, que van de los Alpes a numerosos lagos, pasando por pueblos antiguos y ciudades de arte, ofrece numerosos itinerarios para quienes deseen explorar su territorio a pie.<br\/><br\/>En este art\u00edculo te presentaremos una lista completa de rutas de senderismo en Lombard\u00eda, cada una con sus propias caracter\u00edsticas e historia. Descubriremos juntos la Via Francigena, la Romea Strata, la Alta Via delle Grazie y muchas otras rutas que atraviesan esta regi\u00f3n. <\/p>\n\n<p>Te recordamos que puedes buscar la ruta que m\u00e1s te convenga en la secci\u00f3n \u00ab<a href=\"http:\/\/www.camminiditalia.org\/cammini\"><strong>Rutas<\/strong><\/a>\u00bb utilizando los distintos filtros (Ejemplo: \u00abFiltro de regi\u00f3n\u00bb)<\/p>\n\n<h2 class=\"wp-block-heading\"><strong>Lista completa de los Caminos en Lombard\u00eda<\/strong><\/h2>\n\n<p>A continuaci\u00f3n encontrar\u00e1s una lista de todos los Cammini de Lombard\u00eda en el portal Cammini d&#8217;Italia.<\/p>\n\n<h2 class=\"wp-block-heading\"><strong>Via Francigena<\/strong><\/h2>\n\n<p><strong>Longitud:<\/strong> 3200 km<br\/><strong>ETAPAS:<\/strong> 105<br\/><strong>Salida:<\/strong> Canterbury<br\/><strong>Llegada: <\/strong>Roma o Santa Maria di Leuca si quieres seguir por la Via Francigena Sur<\/p>\n\n<p>La <strong>Via Francigena<\/strong> es una ruta hist\u00f3rica que atraviesa Europa, uniendo pueblos, culturas e ideas. Esta ruta milenaria, que sigue las huellas de antiguos peregrinos, atraviesa 5 estados, 16 regiones y m\u00e1s de 600 municipios, ofreciendo un viaje rico en historia, arte y espiritualidad. <\/p>\n\n<p><br\/>El Camino comienza en Canterbury, Reino Unido, y atraviesa Francia y Suiza antes de entrar en Italia. En territorio italiano, la Via Francigena toca varias regiones, incluida Lombard\u00eda, ofreciendo a los peregrinos y viajeros modernos una experiencia \u00fanica.<br\/>La historia de esta ruta se remonta a la Alta Edad Media, cuando los lombardos crearon una ruta segura para conectar el Reino de Pav\u00eda con los ducados del sur. Esta ruta, conocida inicialmente como la \u00abVia di Monte Bardone\u00bb, se convirti\u00f3 m\u00e1s tarde en la Via Francigena.<br\/>La ruta actual se basa en gran medida en el diario de viaje de Sigeric, arzobispo de Canterbury, que en el a\u00f1o 990 d.C. registr\u00f3 las 80 etapas de su regreso de Roma. Este documento se considera la fuente m\u00e1s autorizada para reconstruir el itinerario original.   <\/p>\n\n<p><br\/>Hoy en d\u00eda, la Via Francigena es un Cammino accesible a todos, sin dificultades t\u00e9cnicas y apto para recorrer a pie o en bicicleta. Ofrece una oportunidad \u00fanica de sumergirse en la historia europea y en la belleza de los paisajes que atraviesa, incluidos los de Lombard\u00eda. <\/p>\n\n<p>Descubre la <a href=\"https:\/\/camminiditalia.org\/es\/cammini\/via-francigena\/\"><strong>Via Francigena<\/strong><\/a>\u00a1!<\/p>\n\n<figure class=\"wp-block-image aligncenter size-full\"><img loading=\"lazy\" decoding=\"async\" width=\"2000\" height=\"1500\" src=\"https:\/\/media-camminiditalia.nbg1.your-objectstorage.com\/wp-content\/uploads\/2024\/03\/From-Aulla-to-Castelnuovo-Magra.webp\" alt=\"\" class=\"wp-image-27893\" srcset=\"https:\/\/media-camminiditalia.nbg1.your-objectstorage.com\/wp-content\/uploads\/2024\/03\/From-Aulla-to-Castelnuovo-Magra.webp 2000w, https:\/\/media-camminiditalia.nbg1.your-objectstorage.com\/wp-content\/uploads\/2024\/03\/From-Aulla-to-Castelnuovo-Magra.webp 600w, https:\/\/media-camminiditalia.nbg1.your-objectstorage.com\/wp-content\/uploads\/2024\/03\/From-Aulla-to-Castelnuovo-Magra-300x225.webp 300w, https:\/\/media-camminiditalia.nbg1.your-objectstorage.com\/wp-content\/uploads\/2024\/03\/From-Aulla-to-Castelnuovo-Magra-1024x768.webp 1024w, https:\/\/media-camminiditalia.nbg1.your-objectstorage.com\/wp-content\/uploads\/2024\/03\/From-Aulla-to-Castelnuovo-Magra-768x576.webp 768w, https:\/\/media-camminiditalia.nbg1.your-objectstorage.com\/wp-content\/uploads\/2024\/03\/From-Aulla-to-Castelnuovo-Magra-1536x1152.webp 1536w\" sizes=\"auto, (max-width: 2000px) 100vw, 2000px\" \/><\/figure>\n\n<h2 class=\"wp-block-heading\"><strong>Alta Via delle Grazie  <\/strong><\/h2>\n\n<p><strong>Longitud: <\/strong>271 km (versi\u00f3n larga) o 161,3 km (versi\u00f3n corta)<br\/><strong>Etapas: <\/strong>13 o 7 <br\/><strong>Salida: <\/strong>B\u00e9rgamo<br\/><strong>Llegada: <\/strong>B\u00e9rgamo<\/p>\n\n<p>La<strong>Alta Via delle Grazie<\/strong> es una ruta circular, con salida y llegada en la ciudad de B\u00e9rgamo, en el coraz\u00f3n de Lombard\u00eda, concebida por Gabriella Castelli y Giovanni Battista Merelli.<\/p>\n\n<p>La ruta puede completarse en dos versiones: una m\u00e1s larga de 271 km en 13 etapas, y otra m\u00e1s corta de 161,3 km en 7 etapas. Ambas versiones comienzan y terminan en B\u00e9rgamo, lo que ofrece flexibilidad a los senderistas en funci\u00f3n del tiempo de que dispongan y de su forma f\u00edsica. <br\/><br\/>La ruta serpentea por una zona rica en atractivos, tocando la ciudad de B\u00e9rgamo, el Valle Seriana y el Alto Sebino, incluido el pintoresco Lago de Iseo. Un rasgo distintivo de este itinerario es la presencia de <em>18 santuarios marianos<\/em> a lo largo del camino.<br\/>Inspirada en el famoso Camino de Santiago, esta ruta ofrece la oportunidad de una b\u00fasqueda interior y espiritual m\u00e1s cerca de casa. <br\/><br\/>Los organizadores pretend\u00edan crear un Paseo \u00ab<strong><em>donativo<\/em><\/strong>\u00bb promoviendo una filosof\u00eda de compartir y de comunidad. A lo largo de la ruta, los caminantes pueden encontrar instalaciones gestionadas por entidades religiosas, voluntarios o particulares, donde se les anima a hacer donaciones gratuitas en lugar de pagar cuotas fijas. Este enfoque pretende eliminar las barreras econ\u00f3micas y fomentar una aut\u00e9ntica experiencia de senderismo. <br\/>Para saber m\u00e1s sobre este aspecto, te recomendamos que leas el art\u00edculo<a href=\"https:\/\/camminiditalia.org\/donativi-alta-via-delle-grazie\/\">\u00abInstalaciones de donaci\u00f3n en Italia: el ejemplo de la Alta Via delle Grazie<\/a>\u00ab.  <br\/><br\/>\u00a1Descubre la<a href=\"https:\/\/camminiditalia.org\/es\/cammini\/alta-via-delle-grazie\/\">Alta Via delle Grazie!<\/a><\/p>\n\n<figure class=\"wp-block-image aligncenter size-large is-resized\"><img loading=\"lazy\" decoding=\"async\" width=\"1024\" height=\"683\" src=\"https:\/\/camminiditalia.org\/wp-content\/uploads\/s3fra1:\/\/camministorage\/wp-content\/uploads\/2023\/04\/IMG_6700-1-1024x683.jpg\" alt=\"ALTA VIA DELLE GRAZIE\" class=\"wp-image-36049\" style=\"width:775px;height:auto\" srcset=\"https:\/\/media-camminiditalia.nbg1.your-objectstorage.com\/wp-content\/uploads\/2023\/04\/IMG_6700-1-1024x683.jpg 1024w, https:\/\/media-camminiditalia.nbg1.your-objectstorage.com\/wp-content\/uploads\/2023\/04\/IMG_6700-1-scaled.jpg 600w, https:\/\/media-camminiditalia.nbg1.your-objectstorage.com\/wp-content\/uploads\/2023\/04\/IMG_6700-1-300x200.jpg 300w, https:\/\/media-camminiditalia.nbg1.your-objectstorage.com\/wp-content\/uploads\/2023\/04\/IMG_6700-1-768x512.jpg 768w, https:\/\/media-camminiditalia.nbg1.your-objectstorage.com\/wp-content\/uploads\/2023\/04\/IMG_6700-1-1536x1024.jpg 1536w, https:\/\/media-camminiditalia.nbg1.your-objectstorage.com\/wp-content\/uploads\/2023\/04\/IMG_6700-1-2048x1365.jpg 2048w\" sizes=\"auto, (max-width: 1024px) 100vw, 1024px\" \/><\/figure>\n\n<h2 class=\"wp-block-heading\">Cammino di Carlo Magno<\/h2>\n\n<p><strong>Longitud: <\/strong>225 km<br\/><strong>Etapas: <\/strong>12<br\/><strong>Salida: <\/strong>B\u00e9rgamo<br\/><strong>Llegada: <\/strong>Carisolo (Trentino Alto Adigio)<\/p>\n\n<p>El <strong>Cammino di Carlo Magno <\/strong>es un fascinante <a href=\"https:\/\/camminiditalia.org\/cammino-di-carlo-magno-leggenda-storia-ed-arte\/\">itinerario rico en leyendas, historia y arte<\/a>, que une B\u00e9rgamo, en Lombard\u00eda, con Carisolo, en Trentino Alto Adigio.<br\/>La ruta discurre principalmente por los relieves monta\u00f1osos, presentando un nivel de dificultad medio. No obstante, los senderistas deben estar preparados para algunas subidas y bajadas exigentes, especialmente cerca de los puertos alpinos.   <br\/>La altimetr\u00eda del recorrido es variada: comienza a 380 metros sobre el nivel del mar en B\u00e9rgamo Alta y alcanza los 1883 metros en Tonale.<br\/><br\/>Se atravesar\u00e1n varios valles pintorescos: los Valli D&#8217;Argon, Val Cavallina, Val Borlezza, Val Camonica, Val di Sole y Val Rendena. Por el camino, los senderistas tendr\u00e1n la oportunidad de admirar hermosas extensiones de agua, como el lago Endine, el lago Iseo y el lago Moro. <br\/><br\/>Cuenta la leyenda que Carlomagno, de viaje por el valle del Camonica, conquist\u00f3 los castillos de los se\u00f1ores locales y los convirti\u00f3 al cristianismo. Para celebrar sus victorias, el soberano hizo construir numerosas iglesias, a veces sobre las ruinas de castillos previamente destruidos. Esta historia confiere al CAMMINO DI DANTE un aura de misterio y espiritualidad, que permite a los viajeros sumergirse no s\u00f3lo en la belleza natural de la zona, sino tambi\u00e9n en su rico patrimonio hist\u00f3rico y cultural.  <br\/><br\/>\u00a1Descubre el <a href=\"https:\/\/camminiditalia.org\/es\/cammini\/cammino-di-carlo-magno\/\">CAMMINO DI CARLO MAGNO<\/a>!<\/p>\n\n<figure class=\"wp-block-image aligncenter size-large is-resized\"><img loading=\"lazy\" decoding=\"async\" width=\"1024\" height=\"578\" src=\"https:\/\/media-camminiditalia.nbg1.your-objectstorage.com\/wp-content\/uploads\/2023\/04\/2-forte-mero-scaled-1024x578.webp\" alt=\"\" class=\"wp-image-20053\" style=\"width:868px;height:auto\" srcset=\"https:\/\/media-camminiditalia.nbg1.your-objectstorage.com\/wp-content\/uploads\/2023\/04\/2-forte-mero-scaled-1024x578.webp 1024w, https:\/\/media-camminiditalia.nbg1.your-objectstorage.com\/wp-content\/uploads\/2023\/04\/2-forte-mero-scaled-scaled.webp 600w, https:\/\/media-camminiditalia.nbg1.your-objectstorage.com\/wp-content\/uploads\/2023\/04\/2-forte-mero-scaled-300x169.webp 300w, https:\/\/media-camminiditalia.nbg1.your-objectstorage.com\/wp-content\/uploads\/2023\/04\/2-forte-mero-scaled-768x433.webp 768w, https:\/\/media-camminiditalia.nbg1.your-objectstorage.com\/wp-content\/uploads\/2023\/04\/2-forte-mero-scaled-1536x866.webp 1536w, https:\/\/media-camminiditalia.nbg1.your-objectstorage.com\/wp-content\/uploads\/2023\/04\/2-forte-mero-scaled-2048x1155.webp 2048w\" sizes=\"auto, (max-width: 1024px) 100vw, 1024px\" \/><\/figure>\n\n<h2 class=\"wp-block-heading\"><strong>Via del Sale<\/strong><\/h2>\n\n<p><strong>Longitud<\/strong>: 87 km<br\/><strong>Etapas: <\/strong>4<br\/><strong>Salida: <\/strong>Varzi<br\/><strong>Llegada: <\/strong>Portofino<\/p>\n\n<p>La <strong>Via del Sale<\/strong>, con sus 87 km divididos en 4 etapas, es una antigua ruta que conecta Varzi con Portofino, atravesando Lombard\u00eda, Emilia Roma\u00f1a, Piamonte y Liguria. Esta ruta recorre los antiguos caminos de herradura utilizados para transportar sal desde los puertos de Liguria hasta el interior. <br\/><br\/>La ruta comienza en Varzi, un hermoso pueblo de Lombard\u00eda, y serpentea por paisajes monta\u00f1osos y accidentados, ofreciendo vistas panor\u00e1micas del mar de Liguria y del arco alpino. Por el camino, cruzamos crestas y pasos hist\u00f3ricos, conocidos como \u00abgioghi\u00bb, que se utilizaban para el comercio de la sal desde la \u00e9poca romana. La regi\u00f3n de Liguria ha mejorado recientemente la se\u00f1alizaci\u00f3n del tramo ligur de la ruta, facilitando la orientaci\u00f3n.  <br\/><br\/>La llegada a Portofino es la culminaci\u00f3n de un viaje a trav\u00e9s de la historia y la naturaleza, concluyendo la ruta en uno de los lugares m\u00e1s emblem\u00e1ticos de Liguria.<\/p>\n\n<p>Descubre la <a href=\"https:\/\/camminiditalia.org\/es\/cammini\/via-del-sale\/\"><strong>VIA DEL SALE<\/strong><\/a>\u00a1!<\/p>\n\n<figure class=\"wp-block-image aligncenter size-full\"><img loading=\"lazy\" decoding=\"async\" width=\"1554\" height=\"993\" src=\"https:\/\/media-camminiditalia.nbg1.your-objectstorage.com\/wp-content\/uploads\/2023\/08\/80284130_10206756508708095_8192241820348973056_n.jpg\" alt=\"\" class=\"wp-image-24695\" srcset=\"https:\/\/media-camminiditalia.nbg1.your-objectstorage.com\/wp-content\/uploads\/2023\/08\/80284130_10206756508708095_8192241820348973056_n.jpg 1554w, https:\/\/media-camminiditalia.nbg1.your-objectstorage.com\/wp-content\/uploads\/2023\/08\/80284130_10206756508708095_8192241820348973056_n.jpg 600w, https:\/\/media-camminiditalia.nbg1.your-objectstorage.com\/wp-content\/uploads\/2023\/08\/80284130_10206756508708095_8192241820348973056_n-300x192.jpg 300w, https:\/\/media-camminiditalia.nbg1.your-objectstorage.com\/wp-content\/uploads\/2023\/08\/80284130_10206756508708095_8192241820348973056_n-1024x654.jpg 1024w, https:\/\/media-camminiditalia.nbg1.your-objectstorage.com\/wp-content\/uploads\/2023\/08\/80284130_10206756508708095_8192241820348973056_n-768x491.jpg 768w, https:\/\/media-camminiditalia.nbg1.your-objectstorage.com\/wp-content\/uploads\/2023\/08\/80284130_10206756508708095_8192241820348973056_n-1536x981.jpg 1536w\" sizes=\"auto, (max-width: 1554px) 100vw, 1554px\" \/><\/figure>\n\n<h2 class=\"wp-block-heading\"><strong>Le Vie del Viandante<\/strong><\/h2>\n\n<p><strong>Longitud total de las rutas de la red: <\/strong>220 km<br\/><strong>Salida: <\/strong>depende de la ruta que elijas tomar<br\/><strong>Llegada: <\/strong>depende de la ruta que elijas tomar<\/p>\n\n<p>LE <strong>VIE DEL VIANDANTE<\/strong> es una red de senderos que atraviesa el valle de Mesolcina, Valchiavenna, el lago de Como y sigue el curso del r\u00edo Adda, uniendo tambi\u00e9n Mil\u00e1n con San Bernardino, en Suiza, y pasando por algunas de las zonas m\u00e1s pintorescas del norte de Italia y el sur de Suiza.<\/p>\n\n<p>Hay doce senderos que componen esta red de caminos, aqu\u00ed tienes la lista completa de la Vie del Viandante:<\/p>\n\n<ol class=\"wp-block-list\">\n<li>1. El camino del caminante<\/li>\n\n\n\n<li>2. Via Spluga<\/li>\n\n\n\n<li>3. Calle Francisca<\/li>\n\n\n\n<li>4. El camino de Leonardo<\/li>\n\n\n\n<li>5. Via dei Monti Lariani<\/li>\n\n\n\n<li>6. Strada Regia<\/li>\n\n\n\n<li>7. V\u00eda San Bernardino<\/li>\n\n\n\n<li>8. Paso Baldiscio<\/li>\n\n\n\n<li>9. Paso de Forcola<\/li>\n\n\n\n<li>10. Boca Noter<\/li>\n\n\n\n<li>11. Bocchetta d&#8217;Agnon<\/li>\n\n\n\n<li>12. Boca de Camedo<\/li>\n<\/ol>\n\n<p>LE VIE DEL VIANDANTE se distinguen por su rica historia vinculada al comercio entre el norte y el sur de Europa. Estas rutas han sido testigos del paso de viandantes, comerciantes, contrabandistas, peregrinos y ej\u00e9rcitos que, a lo largo de los siglos, han permitido la circulaci\u00f3n de hombres y mercanc\u00edas a pesar de las fronteras geogr\u00e1ficas y pol\u00edticas. <\/p>\n\n<p>Recorriendo estas antiguas rutas, los caminantes tienen la oportunidad de sumergirse en una zona que desempe\u00f1\u00f3 un papel crucial en las comunicaciones europeas. Cada paso de la ruta ofrece no s\u00f3lo vistas del lago y atisbos de pueblos coloridos y aut\u00e9nticos, sino tambi\u00e9n la oportunidad de revivir la historia y comprender la importancia de estas rutas en la conformaci\u00f3n de la identidad cultural y econ\u00f3mica de la regi\u00f3n. <\/p>\n\n<p>\u00a1Descubre la red <a href=\"https:\/\/camminiditalia.org\/es\/cammini\/le-vie-del-viandante\/\">LE VIE DEL VIANDANTE<\/a>!<\/p>\n\n<figure class=\"wp-block-image aligncenter size-large is-resized\"><img loading=\"lazy\" decoding=\"async\" width=\"1024\" height=\"682\" src=\"https:\/\/camminiditalia.org\/wp-content\/uploads\/s3fra1:\/\/camministorage\/wp-content\/uploads\/2023\/06\/SENTIERO-DEL-VIANDANTE_2-min-1024x682.jpg\" alt=\"Los Caminos del Viandante\" class=\"wp-image-23727\" style=\"width:884px;height:auto\" srcset=\"https:\/\/media-camminiditalia.nbg1.your-objectstorage.com\/wp-content\/uploads\/2023\/06\/SENTIERO-DEL-VIANDANTE_2-min-1024x682.jpg 1024w, https:\/\/media-camminiditalia.nbg1.your-objectstorage.com\/wp-content\/uploads\/2023\/06\/SENTIERO-DEL-VIANDANTE_2-min.jpg 600w, https:\/\/media-camminiditalia.nbg1.your-objectstorage.com\/wp-content\/uploads\/2023\/06\/SENTIERO-DEL-VIANDANTE_2-min-300x200.jpg 300w, https:\/\/media-camminiditalia.nbg1.your-objectstorage.com\/wp-content\/uploads\/2023\/06\/SENTIERO-DEL-VIANDANTE_2-min-768x512.jpg 768w, https:\/\/media-camminiditalia.nbg1.your-objectstorage.com\/wp-content\/uploads\/2023\/06\/SENTIERO-DEL-VIANDANTE_2-min.jpg 1280w\" sizes=\"auto, (max-width: 1024px) 100vw, 1024px\" \/><\/figure>\n\n<h2 class=\"wp-block-heading\"><strong>La Via Spluga  <\/strong><\/h2>\n\n<p><strong>Longitud: <\/strong>65 km<br\/><strong>Etapas: <\/strong>4<br\/><strong>Salida: <\/strong>Chiavenna<br\/><strong>Llegada: <\/strong>Thusis<\/p>\n\n<p>La <strong>Via Spluga<\/strong> es una de las rutas m\u00e1s famosas y transitadas de la red de <a href=\"https:\/\/camminiditalia.org\/es\/cammini\/le-vie-del-viandante\/\">Le Vie del Viandante<\/a>.<br\/>Esta ruta hist\u00f3rica, de 65 km de longitud y dividida en cuatro etapas, sigue las huellas de los viajeros de \u00e9pocas pasadas que utilizaron esta ruta para el comercio y la comunicaci\u00f3n entre Italia y Europa central.<br\/><br\/>La ruta comienza en Chiavenna, ciudad rica en encanto e historia, y serpentea por paisajes monta\u00f1osos de extraordinaria belleza, atravesando puertos y valles alpinos. Cada etapa ofrece la oportunidad de descubrir lugares de gran inter\u00e9s hist\u00f3rico y naturalista, como antiguos puestos aduaneros, puentes hist\u00f3ricos y pueblos caracter\u00edsticos.<br\/>La ruta culmina en Thusis, Suiza, tras cruzar el sugestivo paso de Spl\u00fcgen. <br\/><br\/>\u00a1Descubre la <a href=\"https:\/\/camminiditalia.org\/es\/cammini\/via-spluga\/\">Via Spluga<\/a>!<\/p>\n\n<figure class=\"wp-block-image aligncenter size-large is-resized\"><img loading=\"lazy\" decoding=\"async\" width=\"1024\" height=\"684\" src=\"https:\/\/camminiditalia.org\/wp-content\/uploads\/s3fra1:\/\/camministorage\/wp-content\/uploads\/2023\/04\/Tappa-1-3-1-1024x684.jpg\" alt=\"Via Spluga\" class=\"wp-image-27124\" style=\"width:936px;height:auto\" srcset=\"https:\/\/media-camminiditalia.nbg1.your-objectstorage.com\/wp-content\/uploads\/2023\/04\/Tappa-1-3-1-1024x684.jpg 1024w, https:\/\/media-camminiditalia.nbg1.your-objectstorage.com\/wp-content\/uploads\/2023\/04\/Tappa-1-3-1-scaled.jpg 600w, https:\/\/media-camminiditalia.nbg1.your-objectstorage.com\/wp-content\/uploads\/2023\/04\/Tappa-1-3-1-300x200.jpg 300w, https:\/\/media-camminiditalia.nbg1.your-objectstorage.com\/wp-content\/uploads\/2023\/04\/Tappa-1-3-1-768x513.jpg 768w, https:\/\/media-camminiditalia.nbg1.your-objectstorage.com\/wp-content\/uploads\/2023\/04\/Tappa-1-3-1-1536x1026.jpg 1536w, https:\/\/media-camminiditalia.nbg1.your-objectstorage.com\/wp-content\/uploads\/2023\/04\/Tappa-1-3-1-2048x1368.jpg 2048w\" sizes=\"auto, (max-width: 1024px) 100vw, 1024px\" \/><\/figure>\n\n<h2 class=\"wp-block-heading\">Via Valeriana<\/h2>\n\n<p><strong>Longitud: <\/strong>200 km<br\/><strong>Etapas: <\/strong>12<br\/><strong>Salida: <\/strong>Brescia<br\/><strong>Llegada: <\/strong>Passo del Tonale \/ Tirano<\/p>\n\n<p>La <strong>Via Valeriana<\/strong> es un itinerario que va desde la ciudad de Brescia hasta Tirano, en Valtellina, pasando por algunos de los paisajes m\u00e1s bellos de Lombard\u00eda. Esta ruta combina historia, cultura y naturaleza en unos 200 km. <br\/><br\/>La ruta comienza en Brescia y atraviesa la famosa regi\u00f3n de Franciacorta, bordea el lago de Iseo y se adentra en el valle del Camonica. Una vez en Edolo, la ruta se bifurca: un ramal contin\u00faa hacia el puerto de Aprica y Tirano, mientras que el otro se dirige hacia el puerto de Tonale. <br\/><br\/>Aunque se considera de dificultad media, el itinerario presenta varios retos con ascensos y descensos a veces exigentes, que se desarrollan principalmente a lo largo de la media costa de las cadenas monta\u00f1osas. La ruta es unidireccional: desde las colinas de Brescia y Franciacorta llega a la orilla izquierda del lago de Iseo, y luego sigue el valle Camonica, alternando las laderas del valle. <br\/><br\/>La Via Valeriana tiene una historia que se remonta a miles de a\u00f1os. Desde la antig\u00fcedad, estos caminos han unido el lago de Iseo y el valle del Camonica, facilitando el paso de hombres y mercanc\u00edas hacia la llanura, Brescia y los puertos alpinos. Algunos tramos, ya utilizados en tiempos prehist\u00f3ricos, se ampliaron y mejoraron en \u00e9poca romana y medieval, cayendo en desuso s\u00f3lo en el siglo XIX con la construcci\u00f3n de carreteras m\u00e1s f\u00e1ciles en el fondo del valle.  <br\/><br\/>Recorrer la Via Valeriana es sumergirse en un viaje a trav\u00e9s del tiempo y la naturaleza, descubriendo la evoluci\u00f3n de la regi\u00f3n de Lombard\u00eda desde los tiempos m\u00e1s remotos hasta nuestros d\u00edas. Es una oportunidad para explorar la rica historia y la belleza paisaj\u00edstica de Lombard\u00eda. <br\/><br\/>\u00a1Descubre la <a href=\"https:\/\/camminiditalia.org\/es\/cammini\/via-valeriana\/\">Via Valeriana<\/a>!<\/p>\n\n<figure class=\"wp-block-image size-large is-resized\"><img loading=\"lazy\" decoding=\"async\" width=\"1024\" height=\"771\" src=\"https:\/\/media-camminiditalia.nbg1.your-objectstorage.com\/wp-content\/uploads\/2023\/04\/5-Tappa-Panoramo-sulla-valle-camonica-1024x771.jpg\" alt=\"Via Valeriana\" class=\"wp-image-20070\" style=\"width:1278px;height:auto\" srcset=\"https:\/\/media-camminiditalia.nbg1.your-objectstorage.com\/wp-content\/uploads\/2023\/04\/5-Tappa-Panoramo-sulla-valle-camonica-1024x771.jpg 1024w, https:\/\/media-camminiditalia.nbg1.your-objectstorage.com\/wp-content\/uploads\/2023\/04\/5-Tappa-Panoramo-sulla-valle-camonica-scaled.jpg 600w, https:\/\/media-camminiditalia.nbg1.your-objectstorage.com\/wp-content\/uploads\/2023\/04\/5-Tappa-Panoramo-sulla-valle-camonica-300x226.jpg 300w, https:\/\/media-camminiditalia.nbg1.your-objectstorage.com\/wp-content\/uploads\/2023\/04\/5-Tappa-Panoramo-sulla-valle-camonica-768x578.jpg 768w, https:\/\/media-camminiditalia.nbg1.your-objectstorage.com\/wp-content\/uploads\/2023\/04\/5-Tappa-Panoramo-sulla-valle-camonica-1536x1157.jpg 1536w, https:\/\/media-camminiditalia.nbg1.your-objectstorage.com\/wp-content\/uploads\/2023\/04\/5-Tappa-Panoramo-sulla-valle-camonica-2048x1542.jpg 2048w\" sizes=\"auto, (max-width: 1024px) 100vw, 1024px\" \/><\/figure>\n\n<h2 class=\"wp-block-heading\">El Cammino di Dante<\/h2>\n\n<p><strong>Longitud<\/strong>: 63,5 km<br\/><strong>Etapas<\/strong>: Tres recorridos de dificultad variable (urbano, medio y completo)<br\/><strong>Salida<\/strong>: Toscolano<br\/><strong>Llegada<\/strong>: Toscolano<\/p>\n\n<p>El <strong>Cammino di Sant&#8217;Ercolano <\/strong>es un itinerario que se desarrolla en el t\u00e9rmino municipal de Toscolano Maderno, a lo largo de la orilla occidental del lago de Garda.<br\/>La diversidad del terreno y la diferencia de altitud han llevado a la creaci\u00f3n de tres rutas anulares diferentes, que te permiten explorar los rincones m\u00e1s escondidos y fascinantes del lago de Garda, cada una con un grado de dificultad distinto, dise\u00f1adas para ofrecer una experiencia adecuada tanto a los ne\u00f3fitos del senderismo como a los excursionistas m\u00e1s experimentados:<br\/><br\/>&#8211; <strong>Recorrido urbano<\/strong> alrededor del promontorio de Toscolano Maderno:<br\/>Longitud: 7,2 km<br\/>Desnivel positivo: 95 m<br\/>Desnivel negativo: 96 m<br\/><br\/>&#8211; <strong>Ruta media<\/strong>, recorriendo los caser\u00edos y el promontorio:<br\/>Longitud: 29,7 km<br\/>Desnivel positivo: 1204 m<br\/>Desnivel negativo: 1050 m<br\/><br\/>&#8211; <strong>Ruta completa<\/strong>, que toca todo el territorio de Toscolano Maderno:<br\/>Longitud: 63,5 km<br\/>Desnivel positivo: 3221 m<br\/>Desnivel negativo: 3229 m<br\/><br\/>El territorio que atraviesa el paseo es muy variado: partiendo de la llana desembocadura del arroyo Toscolano, asciende por las colinas morr\u00e9nicas, pasando por el Valle delle Cartiere y el pintoresco Valle delle Camerate, hasta alcanzar las cumbres de los Prealpes lombardos, como el Monte Pizzocolo y el Monte Spino.<br\/><br\/>\u00a1Descubre el <a href=\"https:\/\/camminiditalia.org\/es\/cammini\/il-cammino-di-santercolano\/\">Cammino di Dante<\/a>!<\/p>\n\n<figure class=\"wp-block-image size-large is-resized\"><img loading=\"lazy\" decoding=\"async\" width=\"1024\" height=\"768\" src=\"https:\/\/camminiditalia.org\/wp-content\/uploads\/s3fra1:\/\/camministorage\/wp-content\/uploads\/2023\/06\/completo_montepizzocolo-1024x768.jpg\" alt=\"Paseo de San Herculano\" class=\"wp-image-23737\" style=\"width:1450px;height:auto\" srcset=\"https:\/\/media-camminiditalia.nbg1.your-objectstorage.com\/wp-content\/uploads\/2023\/06\/completo_montepizzocolo-1024x768.jpg 1024w, https:\/\/media-camminiditalia.nbg1.your-objectstorage.com\/wp-content\/uploads\/2023\/06\/completo_montepizzocolo.jpg 600w, https:\/\/media-camminiditalia.nbg1.your-objectstorage.com\/wp-content\/uploads\/2023\/06\/completo_montepizzocolo-300x225.jpg 300w, https:\/\/media-camminiditalia.nbg1.your-objectstorage.com\/wp-content\/uploads\/2023\/06\/completo_montepizzocolo-768x576.jpg 768w, https:\/\/media-camminiditalia.nbg1.your-objectstorage.com\/wp-content\/uploads\/2023\/06\/completo_montepizzocolo-1536x1152.jpg 1536w, https:\/\/media-camminiditalia.nbg1.your-objectstorage.com\/wp-content\/uploads\/2023\/06\/completo_montepizzocolo.jpg 2000w\" sizes=\"auto, (max-width: 1024px) 100vw, 1024px\" \/><\/figure>\n\n<h2 class=\"wp-block-heading\">Via Francigena del Lucomagno<\/h2>\n\n<p><strong>Longitud<\/strong>: 138,6 km (tramo italiano)<br\/><strong>ETAPA<\/strong>: 8<br\/><strong>Salida<\/strong>: Lavena Ponte Tresa<br\/><strong>Llegada<\/strong>: Pav\u00eda<br\/><br\/>La <strong>Via Francigena del<\/strong> Lucomagno, tambi\u00e9n conocida como Via Francisca del Lucomagno, es una antigua ruta romano-longobarda que une Constanza, en la frontera germano-suiza, con Pav\u00eda. Esta ruta hist\u00f3rica, que atraviesa los Alpes por el paso de Lukmanier, entra en Italia en Lavena Ponte Tresa 375 km despu\u00e9s de su inicio. <br\/><br\/>El tramo italiano de la ruta recorre 138 km a trav\u00e9s de paisajes variados que incluyen bosques frondosos, carriles bici, senderos y carreteras secundarias. A lo largo del Camino, los peregrinos tienen la oportunidad de visitar importantes lugares de inter\u00e9s cultural, art\u00edstico y religioso, incluidos dos sitios de la UNESCO y varias ciudades de arte, que ofrecen una experiencia rica en historia y belleza. <br\/><br\/>La Via Francisca del Lucomagno presume de un ilustre pasado, ya que por ella han transitado numerosos personajes hist\u00f3ricos importantes. En particular, fue la v\u00eda favorita de reyes y emperadores del Sacro Imperio Romano Germ\u00e1nico, como Ot\u00f3n I el Grande, Ot\u00f3n III, Enrique II y Federico Barbarroja, que tambi\u00e9n fueron reyes de Italia. Esta historia real hizo que el tramo transalpino tambi\u00e9n se conociera como la \u00abVia degli Imperatori\u00bb.<strong><em>V\u00eda de los Emperadores<\/em><\/strong>\u00ab.  <br\/><br\/>Hoy, la Via Francigena del Lucomagno ofrece a los caminantes modernos la oportunidad de seguir los pasos de reyes y peregrinos, sumergi\u00e9ndose en un viaje por la historia y la belleza natural de la regi\u00f3n de Lombard\u00eda. El Camino termina en Pav\u00eda, donde se une a la m\u00e1s famosa Via Francigena en direcci\u00f3n a Roma, creando un v\u00ednculo espiritual y cultural entre el coraz\u00f3n de Europa y la ciudad eterna. <br\/><br\/>\u00a1Descubre la <a href=\"https:\/\/camminiditalia.org\/es\/cammini\/via-francisca-del-lucomagno\/\">Via Francigena del Lucomagno<\/a>!<\/p>\n\n<figure class=\"wp-block-image size-large\"><img loading=\"lazy\" decoding=\"async\" width=\"1024\" height=\"768\" src=\"https:\/\/camminiditalia.org\/wp-content\/uploads\/s3fra1:\/\/camministorage\/wp-content\/uploads\/2024\/07\/Castiglione-Olona-4-1024x768.jpg\" alt=\"Via Francisca del Lucomagno\" class=\"wp-image-37244\" srcset=\"https:\/\/media-camminiditalia.nbg1.your-objectstorage.com\/wp-content\/uploads\/2024\/07\/Castiglione-Olona-4-1024x768.jpg 1024w, https:\/\/media-camminiditalia.nbg1.your-objectstorage.com\/wp-content\/uploads\/2024\/07\/Castiglione-Olona-4.jpg 600w, https:\/\/media-camminiditalia.nbg1.your-objectstorage.com\/wp-content\/uploads\/2024\/07\/Castiglione-Olona-4-300x225.jpg 300w, https:\/\/media-camminiditalia.nbg1.your-objectstorage.com\/wp-content\/uploads\/2024\/07\/Castiglione-Olona-4-768x576.jpg 768w, https:\/\/media-camminiditalia.nbg1.your-objectstorage.com\/wp-content\/uploads\/2024\/07\/Castiglione-Olona-4.jpg 1440w\" sizes=\"auto, (max-width: 1024px) 100vw, 1024px\" \/><\/figure>\n\n<h2 class=\"wp-block-heading\">La Via delle Sorelle<\/h2>\n\n<p><strong>Longitud:<\/strong> 130 km<\/p>\n\n<p><strong>ETAPA:<\/strong> 6<\/p>\n\n<p><strong>Salida:<\/strong> Brescia\/B\u00e9rgamo<\/p>\n\n<p><strong>Llegada:<\/strong> B\u00e9rgamo\/Brescia<\/p>\n\n<p><strong>LA VIA DELLE SORELLE<\/strong> es una ruta bidireccional que une las ciudades de Brescia y B\u00e9rgamo, a trav\u00e9s de 130 km de evocadores paisajes ricos en historia. Este Cammino di Dante, dividido en 6 etapas, revela el rostro de dos ciudades a menudo asociadas principalmente a su patrimonio industrial. <\/p>\n\n<p>Aunque las dos ciudades son conocidas por su laboriosidad y el tejido empresarial que las ha hecho famosas, hay que decir que esta ruta tambi\u00e9n revela sus provincias, a menudo desconocidas para la mayor\u00eda, pero no por ello territorios menos bellos e interesantes.<\/p>\n\n<p>De hecho, la ruta discurre principalmente por la zona monta\u00f1osa de las dos provincias, actuando como una aut\u00e9ntica \u00abarteria verde\u00bb que lleva al descubrimiento de antiguas rutas e itinerarios ricos en tradiciones y productos locales.<\/p>\n\n<p>Un rasgo distintivo de este Paseo es su naturaleza de<em>\u00ablugar creativo al aire libre<\/em>\u00ab. A lo largo del recorrido, los caminantes pueden admirar obras de arte permanentes, accesibles s\u00f3lo a pie. Estas instalaciones est\u00e1n dise\u00f1adas para integrarse armoniosamente en su entorno, reflejando la identidad natural, hist\u00f3rica, social y cultural de la zona. Las obras encarnan valores de belleza, solidaridad, sostenibilidad, ecolog\u00eda y compartir, dialogando con el paisaje de forma respetuosa y de bajo impacto.   <\/p>\n\n<p>Este Cammino no s\u00f3lo conecta f\u00edsicamente dos ciudades, sino que tambi\u00e9n crea un puente cultural y art\u00edstico, invitando a los caminantes a explorar y apreciar las maravillas ocultas de esta regi\u00f3n.<br\/><br\/>\u00a1Descubre <a href=\"https:\/\/camminiditalia.org\/es\/cammini\/la-via-delle-sorelle\/\">LA VIA DELLE SORELLE<\/a>!<\/p>\n\n<figure class=\"wp-block-image size-large\"><img loading=\"lazy\" decoding=\"async\" width=\"1024\" height=\"683\" src=\"https:\/\/media-camminiditalia.nbg1.your-objectstorage.com\/wp-content\/uploads\/2023\/05\/BS031122-4-1024x683.jpg\" alt=\"La Via delle Sorelle\" class=\"wp-image-20374\" srcset=\"https:\/\/media-camminiditalia.nbg1.your-objectstorage.com\/wp-content\/uploads\/2023\/05\/BS031122-4-1024x683.jpg 1024w, https:\/\/media-camminiditalia.nbg1.your-objectstorage.com\/wp-content\/uploads\/2023\/05\/BS031122-4-scaled.jpg 600w, https:\/\/media-camminiditalia.nbg1.your-objectstorage.com\/wp-content\/uploads\/2023\/05\/BS031122-4-300x200.jpg 300w, https:\/\/media-camminiditalia.nbg1.your-objectstorage.com\/wp-content\/uploads\/2023\/05\/BS031122-4-768x512.jpg 768w, https:\/\/media-camminiditalia.nbg1.your-objectstorage.com\/wp-content\/uploads\/2023\/05\/BS031122-4-1536x1024.jpg 1536w, https:\/\/media-camminiditalia.nbg1.your-objectstorage.com\/wp-content\/uploads\/2023\/05\/BS031122-4-2048x1365.jpg 2048w\" sizes=\"auto, (max-width: 1024px) 100vw, 1024px\" \/><\/figure>\n\n<h2 class=\"wp-block-heading\">Cammino Tre Laghi<\/h2>\n\n<p><strong>Longitud<\/strong>: 100 km<br\/><strong>ETAPA<\/strong>: 6<br\/><strong>Salida<\/strong>: Sovere<br\/><strong>Llegada<\/strong>: Sovere<br\/><br\/>El <strong>Cammino Tre Laghi <\/strong>es una fascinante ruta circular de unos 100 km que serpentea por la zona geogr\u00e1fica de la Comunidad Monta\u00f1osa de los Lagos Bergamascos, en la parte oriental de la provincia de B\u00e9rgamo, en Lombard\u00eda. Este itinerario \u00fanico abarca el Alto Sebino, una zona donde confluyen la Val Borlezza, la Val Cavallina y la Val Camonica, ofreciendo a los senderistas una experiencia rica y variada. <br\/><br\/>Como su nombre indica, el leitmotiv de este paseo es el agua. De hecho, la ruta toca tres lagos de extraordinaria belleza: el lago de Iseo, el lago de Endine y el lago de Gaiano. <br\/><br\/>El Cammino Tre Laghi se distingue por su naturaleza h\u00edbrida, a medio camino entre un Camino cl\u00e1sico y una caminata. La ruta es extremadamente variada, alternando tramos llanos y ascensos y descensos exigentes. Comienza en la altitud m\u00e1s baja del lago de Iseo (185 m) y alcanza su punto m\u00e1s alto en el monte Colombina (1458 m). Esta variedad altim\u00e9trica se refleja en una rica biodiversidad: desde olivares en las altitudes m\u00e1s bajas hasta bosques de abetos y alerces en las m\u00e1s altas.   <br\/><br\/>Gracias a su exposici\u00f3n predominantemente meridional, la Ruta goza de una excelente insolaci\u00f3n, lo que la hace atractiva en todas las estaciones. Esta caracter\u00edstica, combinada con la variedad del paisaje, ofrece a los senderistas una experiencia siempre nueva y estimulante, independientemente de la \u00e9poca del a\u00f1o elegida para la excursi\u00f3n. <br\/><br\/>Un aspecto interesante del Cammino Tre Laghi es la posibilidad de recorrerlo tambi\u00e9n en tienda de campa\u00f1a. Existen soluciones adecuadas para cada etapa, que ofrecen a los entusiastas de las actividades al aire libre una opci\u00f3n de viaje m\u00e1s envolvente y orientada a la naturaleza en el coraz\u00f3n de los Prealpes bergamascos. <br\/><br\/>\u00a1Descubre el <a href=\"https:\/\/camminiditalia.org\/es\/cammini\/cammino-tre-laghi\/\">Cammino Tre Laghi<\/a>!<\/p>\n\n<figure class=\"wp-block-image size-large\"><img loading=\"lazy\" decoding=\"async\" width=\"1024\" height=\"768\" src=\"https:\/\/camminiditalia.org\/wp-content\/uploads\/s3fra1:\/\/camministorage\/wp-content\/uploads\/2023\/08\/Tappa4_SanGiovanni_Lovere-1024x768.jpg\" alt=\"Cammino Tre Laghi\" class=\"wp-image-24794\" srcset=\"https:\/\/media-camminiditalia.nbg1.your-objectstorage.com\/wp-content\/uploads\/2023\/08\/Tappa4_SanGiovanni_Lovere-1024x768.jpg 1024w, https:\/\/media-camminiditalia.nbg1.your-objectstorage.com\/wp-content\/uploads\/2023\/08\/Tappa4_SanGiovanni_Lovere-scaled.jpg 600w, https:\/\/media-camminiditalia.nbg1.your-objectstorage.com\/wp-content\/uploads\/2023\/08\/Tappa4_SanGiovanni_Lovere-300x225.jpg 300w, https:\/\/media-camminiditalia.nbg1.your-objectstorage.com\/wp-content\/uploads\/2023\/08\/Tappa4_SanGiovanni_Lovere-768x576.jpg 768w, https:\/\/media-camminiditalia.nbg1.your-objectstorage.com\/wp-content\/uploads\/2023\/08\/Tappa4_SanGiovanni_Lovere-1536x1152.jpg 1536w, https:\/\/media-camminiditalia.nbg1.your-objectstorage.com\/wp-content\/uploads\/2023\/08\/Tappa4_SanGiovanni_Lovere-2048x1536.jpg 2048w\" sizes=\"auto, (max-width: 1024px) 100vw, 1024px\" \/><\/figure>\n\n<h2 class=\"wp-block-heading\">La Via Decia<\/h2>\n\n<p><strong>Longitud<\/strong>: 95 km<br\/><strong>ETAPA<\/strong>: 5<br\/><strong>Salida<\/strong>: Corna di Darfo<br\/><strong>Llegada<\/strong>: Corna di Darfo<br\/><br\/><strong>La Via Decia<\/strong>, subtitulada \u00abEl camino de los bosques de hierro\u00bb, es un fascinante sendero circular de 95 km que serpentea por el valle de Scalve, originalmente conocido como valle de Decia.<br\/><br\/>La ruta, dividida en cinco etapas, gu\u00eda a los caminantes a trav\u00e9s de bosques centenarios y pueblos ricos en historia, especialmente vinculada a la extracci\u00f3n de mineral de hierro, una actividad que se remonta a la \u00e9poca romana y que ha marcado profundamente la identidad de esta zona.<br\/><br\/>El nombre<em>\u00abCammino delle Valli<\/em>\u00bb evoca, por tanto, la rica historia industrial del valle, donde durante siglos los bosques proporcionaron el carb\u00f3n necesario para alimentar los hornos de transformaci\u00f3n del hierro extra\u00eddo de las monta\u00f1as circundantes.<br\/><br\/>Situado entre Val Camonica y Val Seriana, no lejos del lago de Iseo, el Valle di Scalve se revela como una aut\u00e9ntica joya oculta de los Prealpes lombardos. El paseo transcurre a la sombra del majestuoso macizo de la Presolana, atravesando barrios que han dado a luz a ilustres personalidades como el cardenal Angelo Maj y el escultor Gi\u00f2 Piccini. <br\/><br\/>La Via Decia no es s\u00f3lo un sendero natural, sino tambi\u00e9n un viaje a la memoria. De hecho, el Paseo se cre\u00f3 para conmemorar el centenario del desastre del Gleno, el tr\u00e1gico derrumbe de la presa que en 1923 caus\u00f3 la muerte de 359 personas en el Valle de Scalve y Val Camonica. As\u00ed pues, esta iniciativa del CAI (Club Alpino Italiano) pretende abrir un cofre del tesoro de naturaleza, historia y cultura a los \u00abbuscadores de belleza\u00bb, invitando a una profunda reflexi\u00f3n sobre la relaci\u00f3n entre el hombre y el entorno monta\u00f1oso.  <br\/><br\/>\u00a1Descubre <a href=\"https:\/\/camminiditalia.org\/es\/cammini\/la-via-decia\/\">La Via Decia<\/a>!<\/p>\n\n<figure class=\"wp-block-image size-full\"><img loading=\"lazy\" decoding=\"async\" width=\"800\" height=\"600\" src=\"https:\/\/media-camminiditalia.nbg1.your-objectstorage.com\/wp-content\/uploads\/2023\/09\/website_gallery-3.png\" alt=\"La Via Decia\" class=\"wp-image-25274\" srcset=\"https:\/\/media-camminiditalia.nbg1.your-objectstorage.com\/wp-content\/uploads\/2023\/09\/website_gallery-3.png 800w, https:\/\/media-camminiditalia.nbg1.your-objectstorage.com\/wp-content\/uploads\/2023\/09\/website_gallery-3.png 600w, https:\/\/media-camminiditalia.nbg1.your-objectstorage.com\/wp-content\/uploads\/2023\/09\/website_gallery-3-300x225.png 300w, https:\/\/media-camminiditalia.nbg1.your-objectstorage.com\/wp-content\/uploads\/2023\/09\/website_gallery-3-768x576.png 768w\" sizes=\"auto, (max-width: 800px) 100vw, 800px\" \/><\/figure>\n\n<h2 class=\"wp-block-heading\">Cammino Mariano delle Alpi<\/h2>\n\n<p><strong>Longitud<\/strong>: 91 km (Ruta occidental)<br\/><strong>ETAPA<\/strong>: 5<br\/><strong>Salida<\/strong>: Piantedo<br\/><strong>Llegada<\/strong>: Tirano<br\/><br\/>El <strong>Cammino Mariano delle Alpi (Camino Mariano de los Alpes <\/strong>) es un itinerario de gran importancia religiosa, cultural y tur\u00edstica que serpentea por la hermosa Valtellina. Esta ruta fue concebida para conectar algunos de los lugares de devoci\u00f3n mariana m\u00e1s importantes de la provincia de Sondrio, culminando en el Santuario de la Virgen de Tirano, proclamada \u00abPatrona Celestial de la Valtellina\u00bb por el Papa P\u00edo XII en 1946. <br\/><br\/>El Camino tiene dos rutas principales: el <strong><em>Camino Occidental<\/em><\/strong> y la <strong><em>V\u00eda Oriental<\/em><\/strong>.<br\/>La V\u00eda Occidental se extiende 91 km desde Piantedo a Tirano.<br\/>La V\u00eda Oriental, que conecta Bormio con Tirano, por otra parte, es m\u00e1s corta (66 km) y a\u00fan est\u00e1 en fase de planificaci\u00f3n, prometiendo ampliar a\u00fan m\u00e1s la experiencia del Camino en el futuro.<br\/><br\/>Un aspecto especialmente interesante del Cammino Mariano delle Alpi es su integraci\u00f3n con otras redes de senderos y rutas ya existentes. En particular, se injerta en la famosa <em>Via dei Terrazzamenti<\/em>, un itinerario que atraviesa uno de los paisajes m\u00e1s caracter\u00edsticos y evocadores de la Valtellina. <br\/><br\/>\u00a1Descubre el <a href=\"https:\/\/camminiditalia.org\/es\/cammini\/cammino-mariano-delle-alpi\/\">CAMMINO MARIANO DELLE ALPI<\/a>!<\/p>\n\n<figure class=\"wp-block-image size-large\"><img loading=\"lazy\" decoding=\"async\" width=\"8094\" height=\"5399\" src=\"https:\/\/media-camminiditalia.nbg1.your-objectstorage.com\/wp-content\/uploads\/2023\/08\/Tappa3_SantuariodellaSassella_Sondrio-2-2.jpg\" alt=\"Cammino Mariano delle Alpi\" class=\"wp-image-24534\" srcset=\"https:\/\/media-camminiditalia.nbg1.your-objectstorage.com\/wp-content\/uploads\/2023\/08\/Tappa3_SantuariodellaSassella_Sondrio-2-2.jpg 8094w, https:\/\/media-camminiditalia.nbg1.your-objectstorage.com\/wp-content\/uploads\/2023\/08\/Tappa3_SantuariodellaSassella_Sondrio-2-2.jpg 600w\" sizes=\"auto, (max-width: 8094px) 100vw, 8094px\" \/><\/figure>\n\n<hr class=\"wp-block-separator has-alpha-channel-opacity\"\/>\n\n<p class=\"has-text-align-center\">\u00bfDisfrutaste del<strong> Cammini en Lombard\u00eda<\/strong>? Mantente al d\u00eda de todas las noticias sobre el Cammini italiano, \u00a1suscr\u00edbete a <a href=\"https:\/\/t.me\/Camminiditalia\">nuestro canal de Telegram<\/a>! <\/p>\n\n<p class=\"has-text-align-center\">Para quienes deseen profundizar en sus conocimientos y planificar mejor su caminata, te invitamos a visitar la ficha de cada Cammino, a trav\u00e9s de los enlaces del art\u00edculo, o en la secci\u00f3n \u00abCammini\u00bb del sitio, filtrando por regi\u00f3n \u00abLombard\u00eda\u00bb.<\/p>\n\n<p class=\"has-text-align-center\">Te recordamos que en todas las tiendas puedes descargarte la App oficial del Cammini d&#8217;Italia, donde encontrar\u00e1s toda la informaci\u00f3n detallada sobre las rutas, las etapas y los servicios disponibles.<\/p>\n\n<p class=\"has-text-align-center\">\u00a1Feliz Camino!<\/p>\n","protected":false},"excerpt":{"rendered":"<p>Lombard\u00eda es una regi\u00f3n rica en historia, cultura y belleza natural y&#8230; \u00a1en Cammini! Con sus variados paisajes, que van de los Alpes a numerosos lagos, pasando por pueblos antiguos y ciudades de arte, ofrece numerosos itinerarios para quienes deseen explorar su territorio a pie. En este art\u00edculo te presentaremos una lista completa de rutas &hellip; <a href=\"https:\/\/camminiditalia.org\/es\/paseos-por-lombardia-lista-completa\/\">Continued<\/a><\/p>\n","protected":false},"author":5,"featured_media":65107,"comment_status":"open","ping_status":"open","sticky":false,"template":"","format":"standard","meta":{"_acf_changed":false,"_jetpack_memberships_contains_paid_content":false,"footnotes":""},"categories":[1937,1957],"tags":[1904,1905,2115,2116],"class_list":["post-88647","post","type-post","status-publish","format-standard","has-post-thumbnail","hentry","category-lombardia-es","category-paseos","tag-paseos","tag-paseos-por-italia","tag-paseos-por-lombardia","tag-senderismo-en-lombardia"],"acf":{"mobile":{"ID":65108,"id":65108,"title":"Cover mobile 1080x1350 - Lista completa Cammini Lombardia","filename":"Cover-mobile-1080x1350-Lista-completa-Cammini-Lombardia-1.png","filesize":779218,"url":"https:\/\/media-camminiditalia.nbg1.your-objectstorage.com\/wp-content\/uploads\/2024\/07\/Cover-mobile-1080x1350-Lista-completa-Cammini-Lombardia-1.png","link":"https:\/\/camminiditalia.org\/es\/paseos-por-lombardia-lista-completa\/cover-mobile-1080x1350-lista-completa-cammini-lombardia\/","alt":"","author":"7","description":"","caption":"","name":"cover-mobile-1080x1350-lista-completa-cammini-lombardia","status":"inherit","uploaded_to":88647,"date":"2024-07-28 13:51:38","modified":"2026-02-24 14:44:56","menu_order":0,"mime_type":"image\/png","type":"image","subtype":"png","icon":"https:\/\/camminiditalia.org\/wp-includes\/images\/media\/default.png","width":1080,"height":1350,"sizes":{"thumbnail":"https:\/\/media-camminiditalia.nbg1.your-objectstorage.com\/wp-content\/uploads\/2024\/07\/Cover-mobile-1080x1350-Lista-completa-Cammini-Lombardia-1-150x150.png","thumbnail-width":150,"thumbnail-height":150,"medium":"https:\/\/media-camminiditalia.nbg1.your-objectstorage.com\/wp-content\/uploads\/2024\/07\/Cover-mobile-1080x1350-Lista-completa-Cammini-Lombardia-1-240x300.png","medium-width":240,"medium-height":300,"medium_large":"https:\/\/media-camminiditalia.nbg1.your-objectstorage.com\/wp-content\/uploads\/2024\/07\/Cover-mobile-1080x1350-Lista-completa-Cammini-Lombardia-1-768x960.png","medium_large-width":768,"medium_large-height":960,"large":"https:\/\/media-camminiditalia.nbg1.your-objectstorage.com\/wp-content\/uploads\/2024\/07\/Cover-mobile-1080x1350-Lista-completa-Cammini-Lombardia-1-819x1024.png","large-width":819,"large-height":1024,"1536x1536":"https:\/\/media-camminiditalia.nbg1.your-objectstorage.com\/wp-content\/uploads\/2024\/07\/Cover-mobile-1080x1350-Lista-completa-Cammini-Lombardia-1.png","1536x1536-width":1080,"1536x1536-height":1350,"2048x2048":"https:\/\/media-camminiditalia.nbg1.your-objectstorage.com\/wp-content\/uploads\/2024\/07\/Cover-mobile-1080x1350-Lista-completa-Cammini-Lombardia-1.png","2048x2048-width":1080,"2048x2048-height":1350,"tc_all_events_image":"https:\/\/media-camminiditalia.nbg1.your-objectstorage.com\/wp-content\/uploads\/2024\/07\/Cover-mobile-1080x1350-Lista-completa-Cammini-Lombardia-1-1080x680.png","tc_all_events_image-width":1080,"tc_all_events_image-height":680,"woocommerce_thumbnail":"https:\/\/media-camminiditalia.nbg1.your-objectstorage.com\/wp-content\/uploads\/2024\/07\/Cover-mobile-1080x1350-Lista-completa-Cammini-Lombardia-1-300x300.png","woocommerce_thumbnail-width":300,"woocommerce_thumbnail-height":300,"woocommerce_single":"https:\/\/media-camminiditalia.nbg1.your-objectstorage.com\/wp-content\/uploads\/2024\/07\/Cover-mobile-1080x1350-Lista-completa-Cammini-Lombardia-1-600x750.png","woocommerce_single-width":600,"woocommerce_single-height":750,"woocommerce_gallery_thumbnail":"https:\/\/media-camminiditalia.nbg1.your-objectstorage.com\/wp-content\/uploads\/2024\/07\/Cover-mobile-1080x1350-Lista-completa-Cammini-Lombardia-1-100x100.png","woocommerce_gallery_thumbnail-width":100,"woocommerce_gallery_thumbnail-height":100}},"desktop":{"ID":65109,"id":65109,"title":"Cover desktop 1600x600 - Lista completa Cammini Lombardia","filename":"Cover-desktop-1600x600-Lista-completa-Cammini-Lombardia-1.png","filesize":505801,"url":"https:\/\/media-camminiditalia.nbg1.your-objectstorage.com\/wp-content\/uploads\/2024\/07\/Cover-desktop-1600x600-Lista-completa-Cammini-Lombardia-1.png","link":"https:\/\/camminiditalia.org\/es\/paseos-por-lombardia-lista-completa\/cover-desktop-1600x600-lista-completa-cammini-lombardia\/","alt":"","author":"7","description":"","caption":"","name":"cover-desktop-1600x600-lista-completa-cammini-lombardia","status":"inherit","uploaded_to":88647,"date":"2024-07-28 13:51:58","modified":"2026-02-24 14:44:56","menu_order":0,"mime_type":"image\/png","type":"image","subtype":"png","icon":"https:\/\/camminiditalia.org\/wp-includes\/images\/media\/default.png","width":1600,"height":600,"sizes":{"thumbnail":"https:\/\/media-camminiditalia.nbg1.your-objectstorage.com\/wp-content\/uploads\/2024\/07\/Cover-desktop-1600x600-Lista-completa-Cammini-Lombardia-1-150x150.png","thumbnail-width":150,"thumbnail-height":150,"medium":"https:\/\/media-camminiditalia.nbg1.your-objectstorage.com\/wp-content\/uploads\/2024\/07\/Cover-desktop-1600x600-Lista-completa-Cammini-Lombardia-1-300x113.png","medium-width":300,"medium-height":113,"medium_large":"https:\/\/media-camminiditalia.nbg1.your-objectstorage.com\/wp-content\/uploads\/2024\/07\/Cover-desktop-1600x600-Lista-completa-Cammini-Lombardia-1-768x288.png","medium_large-width":768,"medium_large-height":288,"large":"https:\/\/media-camminiditalia.nbg1.your-objectstorage.com\/wp-content\/uploads\/2024\/07\/Cover-desktop-1600x600-Lista-completa-Cammini-Lombardia-1-1024x384.png","large-width":1024,"large-height":384,"1536x1536":"https:\/\/media-camminiditalia.nbg1.your-objectstorage.com\/wp-content\/uploads\/2024\/07\/Cover-desktop-1600x600-Lista-completa-Cammini-Lombardia-1-1536x576.png","1536x1536-width":1536,"1536x1536-height":576,"2048x2048":"https:\/\/media-camminiditalia.nbg1.your-objectstorage.com\/wp-content\/uploads\/2024\/07\/Cover-desktop-1600x600-Lista-completa-Cammini-Lombardia-1.png","2048x2048-width":1600,"2048x2048-height":600,"tc_all_events_image":"https:\/\/media-camminiditalia.nbg1.your-objectstorage.com\/wp-content\/uploads\/2024\/07\/Cover-desktop-1600x600-Lista-completa-Cammini-Lombardia-1-1100x600.png","tc_all_events_image-width":1100,"tc_all_events_image-height":600,"woocommerce_thumbnail":"https:\/\/media-camminiditalia.nbg1.your-objectstorage.com\/wp-content\/uploads\/2024\/07\/Cover-desktop-1600x600-Lista-completa-Cammini-Lombardia-1-300x300.png","woocommerce_thumbnail-width":300,"woocommerce_thumbnail-height":300,"woocommerce_single":"https:\/\/media-camminiditalia.nbg1.your-objectstorage.com\/wp-content\/uploads\/2024\/07\/Cover-desktop-1600x600-Lista-completa-Cammini-Lombardia-1-600x225.png","woocommerce_single-width":600,"woocommerce_single-height":225,"woocommerce_gallery_thumbnail":"https:\/\/media-camminiditalia.nbg1.your-objectstorage.com\/wp-content\/uploads\/2024\/07\/Cover-desktop-1600x600-Lista-completa-Cammini-Lombardia-1-100x100.png","woocommerce_gallery_thumbnail-width":100,"woocommerce_gallery_thumbnail-height":100}},"authorFacebook":"","authorImage":false,"authorInstagram":"","authorLinkedin":"","authorName":"","authorTelegram":"","authorYoutube":""},"yoast_head":"<!-- This site is optimized with the Yoast SEO plugin v27.1.1 - https:\/\/yoast.com\/product\/yoast-seo-wordpress\/ -->\n<title>Paseos por Lombard\u00eda: lista completa<\/title>\n<meta name=\"description\" content=\"Lombard\u00eda es una regi\u00f3n rica en historia, cultura y belleza natural y... \u00a1en Cammini! \u00a1Descubre la lista completa leyendo este art\u00edculo!\" \/>\n<meta name=\"robots\" content=\"index, follow, max-snippet:-1, max-image-preview:large, max-video-preview:-1\" \/>\n<link rel=\"canonical\" href=\"https:\/\/camminiditalia.org\/es\/paseos-por-lombardia-lista-completa\/\" \/>\n<meta property=\"og:locale\" content=\"es_ES\" \/>\n<meta property=\"og:type\" content=\"article\" \/>\n<meta property=\"og:title\" content=\"Paseos por Lombard\u00eda: lista completa\" \/>\n<meta property=\"og:description\" content=\"Lombard\u00eda es una regi\u00f3n rica en historia, cultura y belleza natural y... \u00a1en Cammini! \u00a1Descubre la lista completa leyendo este art\u00edculo!\" \/>\n<meta property=\"og:url\" content=\"https:\/\/camminiditalia.org\/es\/paseos-por-lombardia-lista-completa\/\" \/>\n<meta property=\"og:site_name\" content=\"Cammini d&#039;Italia\" \/>\n<meta property=\"article:published_time\" content=\"2024-08-08T11:48:30+00:00\" \/>\n<meta property=\"article:modified_time\" content=\"2026-02-24T14:44:57+00:00\" \/>\n<meta property=\"og:image\" content=\"https:\/\/media-camminiditalia.nbg1.your-objectstorage.com\/wp-content\/uploads\/2024\/07\/Lista-completa-Cammini-Lombardia-800x600-2.png\" \/>\n\t<meta property=\"og:image:width\" content=\"800\" \/>\n\t<meta property=\"og:image:height\" content=\"600\" \/>\n\t<meta property=\"og:image:type\" content=\"image\/png\" \/>\n<meta name=\"author\" content=\"Vincenzo Caruso\" \/>\n<meta name=\"twitter:card\" content=\"summary_large_image\" \/>\n<meta name=\"twitter:label1\" content=\"Escrito por\" \/>\n\t<meta name=\"twitter:data1\" content=\"Vincenzo Caruso\" \/>\n\t<meta name=\"twitter:label2\" content=\"Tiempo de lectura\" \/>\n\t<meta name=\"twitter:data2\" content=\"18 minutos\" \/>\n<script type=\"application\/ld+json\" class=\"yoast-schema-graph\">{\"@context\":\"https:\/\/schema.org\",\"@graph\":[{\"@type\":\"Article\",\"@id\":\"https:\/\/camminiditalia.org\/es\/paseos-por-lombardia-lista-completa\/#article\",\"isPartOf\":{\"@id\":\"https:\/\/camminiditalia.org\/es\/paseos-por-lombardia-lista-completa\/\"},\"author\":{\"name\":\"Vincenzo Caruso\",\"@id\":\"https:\/\/camminiditalia.org\/es\/#\/schema\/person\/19dc80a0226a394454bfa2d2e612ad17\"},\"headline\":\"Paseos por Lombard\u00eda: lista completa\",\"datePublished\":\"2024-08-08T11:48:30+00:00\",\"dateModified\":\"2026-02-24T14:44:57+00:00\",\"mainEntityOfPage\":{\"@id\":\"https:\/\/camminiditalia.org\/es\/paseos-por-lombardia-lista-completa\/\"},\"wordCount\":3552,\"commentCount\":0,\"publisher\":{\"@id\":\"https:\/\/camminiditalia.org\/es\/#organization\"},\"image\":{\"@id\":\"https:\/\/camminiditalia.org\/es\/paseos-por-lombardia-lista-completa\/#primaryimage\"},\"thumbnailUrl\":\"https:\/\/media-camminiditalia.nbg1.your-objectstorage.com\/wp-content\/uploads\/2024\/07\/Lista-completa-Cammini-Lombardia-800x600-2.png\",\"keywords\":[\"Paseos\",\"PASEOS POR ITALIA\",\"paseos por lombard\u00eda\",\"senderismo en lombard\u00eda\"],\"articleSection\":[\"Lombard\u00eda\",\"Paseos\"],\"inLanguage\":\"es\",\"potentialAction\":[{\"@type\":\"CommentAction\",\"name\":\"Comment\",\"target\":[\"https:\/\/camminiditalia.org\/es\/paseos-por-lombardia-lista-completa\/#respond\"]}]},{\"@type\":\"WebPage\",\"@id\":\"https:\/\/camminiditalia.org\/es\/paseos-por-lombardia-lista-completa\/\",\"url\":\"https:\/\/camminiditalia.org\/es\/paseos-por-lombardia-lista-completa\/\",\"name\":\"Paseos por Lombard\u00eda: lista completa\",\"isPartOf\":{\"@id\":\"https:\/\/camminiditalia.org\/es\/#website\"},\"primaryImageOfPage\":{\"@id\":\"https:\/\/camminiditalia.org\/es\/paseos-por-lombardia-lista-completa\/#primaryimage\"},\"image\":{\"@id\":\"https:\/\/camminiditalia.org\/es\/paseos-por-lombardia-lista-completa\/#primaryimage\"},\"thumbnailUrl\":\"https:\/\/media-camminiditalia.nbg1.your-objectstorage.com\/wp-content\/uploads\/2024\/07\/Lista-completa-Cammini-Lombardia-800x600-2.png\",\"datePublished\":\"2024-08-08T11:48:30+00:00\",\"dateModified\":\"2026-02-24T14:44:57+00:00\",\"description\":\"Lombard\u00eda es una regi\u00f3n rica en historia, cultura y belleza natural y... \u00a1en Cammini! \u00a1Descubre la lista completa leyendo este art\u00edculo!\",\"breadcrumb\":{\"@id\":\"https:\/\/camminiditalia.org\/es\/paseos-por-lombardia-lista-completa\/#breadcrumb\"},\"inLanguage\":\"es\",\"potentialAction\":[{\"@type\":\"ReadAction\",\"target\":[\"https:\/\/camminiditalia.org\/es\/paseos-por-lombardia-lista-completa\/\"]}]},{\"@type\":\"ImageObject\",\"inLanguage\":\"es\",\"@id\":\"https:\/\/camminiditalia.org\/es\/paseos-por-lombardia-lista-completa\/#primaryimage\",\"url\":\"https:\/\/media-camminiditalia.nbg1.your-objectstorage.com\/wp-content\/uploads\/2024\/07\/Lista-completa-Cammini-Lombardia-800x600-2.png\",\"contentUrl\":\"https:\/\/media-camminiditalia.nbg1.your-objectstorage.com\/wp-content\/uploads\/2024\/07\/Lista-completa-Cammini-Lombardia-800x600-2.png\",\"width\":800,\"height\":600},{\"@type\":\"BreadcrumbList\",\"@id\":\"https:\/\/camminiditalia.org\/es\/paseos-por-lombardia-lista-completa\/#breadcrumb\",\"itemListElement\":[{\"@type\":\"ListItem\",\"position\":1,\"name\":\"Home\",\"item\":\"https:\/\/camminiditalia.org\/es\/inicio\/\"},{\"@type\":\"ListItem\",\"position\":2,\"name\":\"Paseos por Lombard\u00eda: lista completa\"}]},{\"@type\":\"WebSite\",\"@id\":\"https:\/\/camminiditalia.org\/es\/#website\",\"url\":\"https:\/\/camminiditalia.org\/es\/\",\"name\":\"Cammini d'Italia\",\"description\":\"Plan, walk and share!\",\"publisher\":{\"@id\":\"https:\/\/camminiditalia.org\/es\/#organization\"},\"potentialAction\":[{\"@type\":\"SearchAction\",\"target\":{\"@type\":\"EntryPoint\",\"urlTemplate\":\"https:\/\/camminiditalia.org\/es\/?s={search_term_string}\"},\"query-input\":{\"@type\":\"PropertyValueSpecification\",\"valueRequired\":true,\"valueName\":\"search_term_string\"}}],\"inLanguage\":\"es\"},{\"@type\":\"Organization\",\"@id\":\"https:\/\/camminiditalia.org\/es\/#organization\",\"name\":\"Cammini d'Italia srls\",\"url\":\"https:\/\/camminiditalia.org\/es\/\",\"logo\":{\"@type\":\"ImageObject\",\"inLanguage\":\"es\",\"@id\":\"https:\/\/camminiditalia.org\/es\/#\/schema\/logo\/image\/\",\"url\":\"https:\/\/media-camminiditalia.nbg1.your-objectstorage.com\/wp-content\/uploads\/2023\/08\/Risorsa-2-8-e1690918206850.png\",\"contentUrl\":\"https:\/\/media-camminiditalia.nbg1.your-objectstorage.com\/wp-content\/uploads\/2023\/08\/Risorsa-2-8-e1690918206850.png\",\"width\":1076,\"height\":329,\"caption\":\"Cammini d'Italia srls\"},\"image\":{\"@id\":\"https:\/\/camminiditalia.org\/es\/#\/schema\/logo\/image\/\"}},{\"@type\":\"Person\",\"@id\":\"https:\/\/camminiditalia.org\/es\/#\/schema\/person\/19dc80a0226a394454bfa2d2e612ad17\",\"name\":\"Vincenzo Caruso\",\"image\":{\"@type\":\"ImageObject\",\"inLanguage\":\"es\",\"@id\":\"https:\/\/camminiditalia.org\/es\/#\/schema\/person\/image\/\",\"url\":\"https:\/\/secure.gravatar.com\/avatar\/9f958e4ed88154099d355149cd7ebb0cddc5ddac7f23f39cdbc15cbe01cadcec?s=96&d=mm&r=g\",\"contentUrl\":\"https:\/\/secure.gravatar.com\/avatar\/9f958e4ed88154099d355149cd7ebb0cddc5ddac7f23f39cdbc15cbe01cadcec?s=96&d=mm&r=g\",\"caption\":\"Vincenzo Caruso\"},\"description\":\"Camminatore per antonomasia, esploratore per vocazione, amante della natura e di tutte le sue creature. Co-Founder di Cammini d'Italia.\",\"sameAs\":[\"http:\/\/www.camminiditalia.org\"],\"url\":\"https:\/\/camminiditalia.org\/es\/author\/vincenzo-caruso\/\"}]}<\/script>\n<!-- \/ Yoast SEO plugin. -->","yoast_head_json":{"title":"Paseos por Lombard\u00eda: lista completa","description":"Lombard\u00eda es una regi\u00f3n rica en historia, cultura y belleza natural y... \u00a1en Cammini! \u00a1Descubre la lista completa leyendo este art\u00edculo!","robots":{"index":"index","follow":"follow","max-snippet":"max-snippet:-1","max-image-preview":"max-image-preview:large","max-video-preview":"max-video-preview:-1"},"canonical":"https:\/\/camminiditalia.org\/es\/paseos-por-lombardia-lista-completa\/","og_locale":"es_ES","og_type":"article","og_title":"Paseos por Lombard\u00eda: lista completa","og_description":"Lombard\u00eda es una regi\u00f3n rica en historia, cultura y belleza natural y... \u00a1en Cammini! \u00a1Descubre la lista completa leyendo este art\u00edculo!","og_url":"https:\/\/camminiditalia.org\/es\/paseos-por-lombardia-lista-completa\/","og_site_name":"Cammini d&#039;Italia","article_published_time":"2024-08-08T11:48:30+00:00","article_modified_time":"2026-02-24T14:44:57+00:00","og_image":[{"width":800,"height":600,"url":"https:\/\/media-camminiditalia.nbg1.your-objectstorage.com\/wp-content\/uploads\/2024\/07\/Lista-completa-Cammini-Lombardia-800x600-2.png","type":"image\/png"}],"author":"Vincenzo Caruso","twitter_card":"summary_large_image","twitter_misc":{"Escrito por":"Vincenzo Caruso","Tiempo de lectura":"18 minutos"},"schema":{"@context":"https:\/\/schema.org","@graph":[{"@type":"Article","@id":"https:\/\/camminiditalia.org\/es\/paseos-por-lombardia-lista-completa\/#article","isPartOf":{"@id":"https:\/\/camminiditalia.org\/es\/paseos-por-lombardia-lista-completa\/"},"author":{"name":"Vincenzo Caruso","@id":"https:\/\/camminiditalia.org\/es\/#\/schema\/person\/19dc80a0226a394454bfa2d2e612ad17"},"headline":"Paseos por Lombard\u00eda: lista completa","datePublished":"2024-08-08T11:48:30+00:00","dateModified":"2026-02-24T14:44:57+00:00","mainEntityOfPage":{"@id":"https:\/\/camminiditalia.org\/es\/paseos-por-lombardia-lista-completa\/"},"wordCount":3552,"commentCount":0,"publisher":{"@id":"https:\/\/camminiditalia.org\/es\/#organization"},"image":{"@id":"https:\/\/camminiditalia.org\/es\/paseos-por-lombardia-lista-completa\/#primaryimage"},"thumbnailUrl":"https:\/\/media-camminiditalia.nbg1.your-objectstorage.com\/wp-content\/uploads\/2024\/07\/Lista-completa-Cammini-Lombardia-800x600-2.png","keywords":["Paseos","PASEOS POR ITALIA","paseos por lombard\u00eda","senderismo en lombard\u00eda"],"articleSection":["Lombard\u00eda","Paseos"],"inLanguage":"es","potentialAction":[{"@type":"CommentAction","name":"Comment","target":["https:\/\/camminiditalia.org\/es\/paseos-por-lombardia-lista-completa\/#respond"]}]},{"@type":"WebPage","@id":"https:\/\/camminiditalia.org\/es\/paseos-por-lombardia-lista-completa\/","url":"https:\/\/camminiditalia.org\/es\/paseos-por-lombardia-lista-completa\/","name":"Paseos por Lombard\u00eda: lista completa","isPartOf":{"@id":"https:\/\/camminiditalia.org\/es\/#website"},"primaryImageOfPage":{"@id":"https:\/\/camminiditalia.org\/es\/paseos-por-lombardia-lista-completa\/#primaryimage"},"image":{"@id":"https:\/\/camminiditalia.org\/es\/paseos-por-lombardia-lista-completa\/#primaryimage"},"thumbnailUrl":"https:\/\/media-camminiditalia.nbg1.your-objectstorage.com\/wp-content\/uploads\/2024\/07\/Lista-completa-Cammini-Lombardia-800x600-2.png","datePublished":"2024-08-08T11:48:30+00:00","dateModified":"2026-02-24T14:44:57+00:00","description":"Lombard\u00eda es una regi\u00f3n rica en historia, cultura y belleza natural y... \u00a1en Cammini! \u00a1Descubre la lista completa leyendo este art\u00edculo!","breadcrumb":{"@id":"https:\/\/camminiditalia.org\/es\/paseos-por-lombardia-lista-completa\/#breadcrumb"},"inLanguage":"es","potentialAction":[{"@type":"ReadAction","target":["https:\/\/camminiditalia.org\/es\/paseos-por-lombardia-lista-completa\/"]}]},{"@type":"ImageObject","inLanguage":"es","@id":"https:\/\/camminiditalia.org\/es\/paseos-por-lombardia-lista-completa\/#primaryimage","url":"https:\/\/media-camminiditalia.nbg1.your-objectstorage.com\/wp-content\/uploads\/2024\/07\/Lista-completa-Cammini-Lombardia-800x600-2.png","contentUrl":"https:\/\/media-camminiditalia.nbg1.your-objectstorage.com\/wp-content\/uploads\/2024\/07\/Lista-completa-Cammini-Lombardia-800x600-2.png","width":800,"height":600},{"@type":"BreadcrumbList","@id":"https:\/\/camminiditalia.org\/es\/paseos-por-lombardia-lista-completa\/#breadcrumb","itemListElement":[{"@type":"ListItem","position":1,"name":"Home","item":"https:\/\/camminiditalia.org\/es\/inicio\/"},{"@type":"ListItem","position":2,"name":"Paseos por Lombard\u00eda: lista completa"}]},{"@type":"WebSite","@id":"https:\/\/camminiditalia.org\/es\/#website","url":"https:\/\/camminiditalia.org\/es\/","name":"Cammini d'Italia","description":"Plan, walk and share!","publisher":{"@id":"https:\/\/camminiditalia.org\/es\/#organization"},"potentialAction":[{"@type":"SearchAction","target":{"@type":"EntryPoint","urlTemplate":"https:\/\/camminiditalia.org\/es\/?s={search_term_string}"},"query-input":{"@type":"PropertyValueSpecification","valueRequired":true,"valueName":"search_term_string"}}],"inLanguage":"es"},{"@type":"Organization","@id":"https:\/\/camminiditalia.org\/es\/#organization","name":"Cammini d'Italia srls","url":"https:\/\/camminiditalia.org\/es\/","logo":{"@type":"ImageObject","inLanguage":"es","@id":"https:\/\/camminiditalia.org\/es\/#\/schema\/logo\/image\/","url":"https:\/\/media-camminiditalia.nbg1.your-objectstorage.com\/wp-content\/uploads\/2023\/08\/Risorsa-2-8-e1690918206850.png","contentUrl":"https:\/\/media-camminiditalia.nbg1.your-objectstorage.com\/wp-content\/uploads\/2023\/08\/Risorsa-2-8-e1690918206850.png","width":1076,"height":329,"caption":"Cammini d'Italia srls"},"image":{"@id":"https:\/\/camminiditalia.org\/es\/#\/schema\/logo\/image\/"}},{"@type":"Person","@id":"https:\/\/camminiditalia.org\/es\/#\/schema\/person\/19dc80a0226a394454bfa2d2e612ad17","name":"Vincenzo Caruso","image":{"@type":"ImageObject","inLanguage":"es","@id":"https:\/\/camminiditalia.org\/es\/#\/schema\/person\/image\/","url":"https:\/\/secure.gravatar.com\/avatar\/9f958e4ed88154099d355149cd7ebb0cddc5ddac7f23f39cdbc15cbe01cadcec?s=96&d=mm&r=g","contentUrl":"https:\/\/secure.gravatar.com\/avatar\/9f958e4ed88154099d355149cd7ebb0cddc5ddac7f23f39cdbc15cbe01cadcec?s=96&d=mm&r=g","caption":"Vincenzo Caruso"},"description":"Camminatore per antonomasia, esploratore per vocazione, amante della natura e di tutte le sue creature. Co-Founder di Cammini d'Italia.","sameAs":["http:\/\/www.camminiditalia.org"],"url":"https:\/\/camminiditalia.org\/es\/author\/vincenzo-caruso\/"}]}},"jetpack_featured_media_url":"https:\/\/media-camminiditalia.nbg1.your-objectstorage.com\/wp-content\/uploads\/2024\/07\/Lista-completa-Cammini-Lombardia-800x600-2.png","jetpack-related-posts":[{"id":37384,"url":"https:\/\/camminiditalia.org\/cammini-in-lombardia\/","url_meta":{"origin":88647,"position":0},"title":"Cammini in Lombardia: lista completa","author":"Vincenzo Caruso","date":"8 agosto 2024","format":false,"excerpt":"La Lombardia \u00e8 una regione ricca di storia, cultura e bellezze naturali e\u2026 di Cammini!Con i suoi paesaggi variegati, che spaziano dalle Alpi ai numerosi laghi, passando per antichi borghi e citt\u00e0 d'arte, offre numerosi itinerari per chi desidera esplorare a piedi il suo territorio.In questo articolo vi presenteremo una\u2026","rel":"","context":"En \u00abCammini\u00bb","block_context":{"text":"Cammini","link":"https:\/\/camminiditalia.org\/category\/cammini\/"},"img":{"alt_text":"","src":"https:\/\/i0.wp.com\/media-camminiditalia.nbg1.your-objectstorage.com\/wp-content\/uploads\/2024\/07\/Lista-completa-Cammini-Lombardia-800x600-2.png?resize=350%2C200&ssl=1","width":350,"height":200,"srcset":"https:\/\/i0.wp.com\/media-camminiditalia.nbg1.your-objectstorage.com\/wp-content\/uploads\/2024\/07\/Lista-completa-Cammini-Lombardia-800x600-2.png?resize=350%2C200&ssl=1 1x, https:\/\/i0.wp.com\/media-camminiditalia.nbg1.your-objectstorage.com\/wp-content\/uploads\/2024\/07\/Lista-completa-Cammini-Lombardia-800x600-2.png?resize=525%2C300&ssl=1 1.5x, https:\/\/i0.wp.com\/media-camminiditalia.nbg1.your-objectstorage.com\/wp-content\/uploads\/2024\/07\/Lista-completa-Cammini-Lombardia-800x600-2.png?resize=700%2C400&ssl=1 2x"},"classes":[]},{"id":38439,"url":"https:\/\/camminiditalia.org\/cammini-in-valle-d-aosta\/","url_meta":{"origin":88647,"position":1},"title":"Cammini in Valle d&#8217;Aosta: lista completa","author":"Sara Massarotto","date":"31 agosto 2024","format":false,"excerpt":"La Valle d'Aosta, la pi\u00f9 piccola Regione d'Italia, \u00e8 situata al confine con Francia e Svizzera. Il territorio, completamente montuoso, \u00e8 ricco di storia, cultura e panorami meravigliosi, costellato di castelli, borghi montani e santuari, testimoni silenziosi di una storia millenaria.La Regione ospita quattro vette che superano i 4000 metri\u2026","rel":"","context":"En \u00abCammini\u00bb","block_context":{"text":"Cammini","link":"https:\/\/camminiditalia.org\/category\/cammini\/"},"img":{"alt_text":"","src":"https:\/\/i0.wp.com\/media-camminiditalia.nbg1.your-objectstorage.com\/wp-content\/uploads\/2024\/08\/Cover-articoloImmagine-in-evidenza-800x600-_4_.webp?resize=350%2C200&ssl=1","width":350,"height":200,"srcset":"https:\/\/i0.wp.com\/media-camminiditalia.nbg1.your-objectstorage.com\/wp-content\/uploads\/2024\/08\/Cover-articoloImmagine-in-evidenza-800x600-_4_.webp?resize=350%2C200&ssl=1 1x, https:\/\/i0.wp.com\/media-camminiditalia.nbg1.your-objectstorage.com\/wp-content\/uploads\/2024\/08\/Cover-articoloImmagine-in-evidenza-800x600-_4_.webp?resize=525%2C300&ssl=1 1.5x, https:\/\/i0.wp.com\/media-camminiditalia.nbg1.your-objectstorage.com\/wp-content\/uploads\/2024\/08\/Cover-articoloImmagine-in-evidenza-800x600-_4_.webp?resize=700%2C400&ssl=1 2x"},"classes":[]},{"id":88491,"url":"https:\/\/camminiditalia.org\/cammini-pasqua-2026\/","url_meta":{"origin":88647,"position":2},"title":"7 cammini da percorrere a Pasqua 2026","author":"Sara Massarotto","date":"25 febrero 2026","format":false,"excerpt":"Le ferie di Pasqua quest'anno saranno il 4 aprile (sabato), il 5 aprile (domenica di Pasqua) e il 6 aprile compreso (il luned\u00ec di Pasquetta).Se puoi, valuta di prendere una giornata di ferie da \u201cattaccare\u201d a questo weekend lungo.\u00c8 vero, non saranno tanti giorni, ma pi\u00f9 che sufficienti per fare\u2026","rel":"","context":"En \u00abConsigli\u00bb","block_context":{"text":"Consigli","link":"https:\/\/camminiditalia.org\/category\/consigli\/"},"img":{"alt_text":"","src":"https:\/\/i0.wp.com\/media-camminiditalia.nbg1.your-objectstorage.com\/2026\/02\/IE-Cammini-Pasqua-2026-Cammini-dItalia.webp?resize=350%2C200&ssl=1","width":350,"height":200,"srcset":"https:\/\/i0.wp.com\/media-camminiditalia.nbg1.your-objectstorage.com\/2026\/02\/IE-Cammini-Pasqua-2026-Cammini-dItalia.webp?resize=350%2C200&ssl=1 1x, https:\/\/i0.wp.com\/media-camminiditalia.nbg1.your-objectstorage.com\/2026\/02\/IE-Cammini-Pasqua-2026-Cammini-dItalia.webp?resize=525%2C300&ssl=1 1.5x, https:\/\/i0.wp.com\/media-camminiditalia.nbg1.your-objectstorage.com\/2026\/02\/IE-Cammini-Pasqua-2026-Cammini-dItalia.webp?resize=700%2C400&ssl=1 2x"},"classes":[]},{"id":25826,"url":"https:\/\/camminiditalia.org\/melzo-si-prepara-ad-accogliere-alla-scoperta-dei-cammini\/","url_meta":{"origin":88647,"position":3},"title":"Melzo si prepara ad accogliere \u00abAlla Scoperta dei Cammini\u00bb","author":"Davide Nanna","date":"2 noviembre 2023","format":false,"excerpt":"Melzo si prepara ad accogliere \"Alla Scoperta dei Cammini\": un viaggio culturale e spirituale attraverso le vie lombarde e oltre Melzo, 01 Novembre 2023 - L'Associazione \"Amici del Cammino di San Giovanni\" e il Centro Culturale Candia hanno annunciato l'organizzazione di un programma imperdibile di 5 serate dedicate alla scoperta\u2026","rel":"","context":"En \u00abNews\u00bb","block_context":{"text":"News","link":"https:\/\/camminiditalia.org\/category\/news\/"},"img":{"alt_text":"","src":"https:\/\/i0.wp.com\/media-camminiditalia.nbg1.your-objectstorage.com\/wp-content\/uploads\/2023\/11\/Progetto-senza-titolo-2023-11-02T120420.796.png?resize=350%2C200&ssl=1","width":350,"height":200,"srcset":"https:\/\/i0.wp.com\/media-camminiditalia.nbg1.your-objectstorage.com\/wp-content\/uploads\/2023\/11\/Progetto-senza-titolo-2023-11-02T120420.796.png?resize=350%2C200&ssl=1 1x, https:\/\/i0.wp.com\/media-camminiditalia.nbg1.your-objectstorage.com\/wp-content\/uploads\/2023\/11\/Progetto-senza-titolo-2023-11-02T120420.796.png?resize=525%2C300&ssl=1 1.5x, https:\/\/i0.wp.com\/media-camminiditalia.nbg1.your-objectstorage.com\/wp-content\/uploads\/2023\/11\/Progetto-senza-titolo-2023-11-02T120420.796.png?resize=700%2C400&ssl=1 2x, https:\/\/i0.wp.com\/media-camminiditalia.nbg1.your-objectstorage.com\/wp-content\/uploads\/2023\/11\/Progetto-senza-titolo-2023-11-02T120420.796.png?resize=1050%2C600&ssl=1 3x, https:\/\/i0.wp.com\/media-camminiditalia.nbg1.your-objectstorage.com\/wp-content\/uploads\/2023\/11\/Progetto-senza-titolo-2023-11-02T120420.796.png?resize=1400%2C800&ssl=1 4x"},"classes":[]},{"id":41071,"url":"https:\/\/camminiditalia.org\/cammini-in-liguria\/","url_meta":{"origin":88647,"position":4},"title":"Cammini in Liguria: lista completa","author":"Francesco Boggi","date":"5 noviembre 2024","format":false,"excerpt":"La Liguria, terra incastonata tra mare e montagne, \u00e8 attraversata da numerosi Cammini che permettono di scoprire la sua ricca storia, cultura e bellezze naturali.Scogliere a picco sul mare si alternano panorami di montagna, mentre antichi borghi si aggrappano a pendii scoscesi.\u00a0Andiamo a scoprire insieme tutti i Cammini liguri presenti\u2026","rel":"","context":"En \u00abCammini\u00bb","block_context":{"text":"Cammini","link":"https:\/\/camminiditalia.org\/category\/cammini\/"},"img":{"alt_text":"Cammini in Liguria","src":"https:\/\/i0.wp.com\/media-camminiditalia.nbg1.your-objectstorage.com\/wp-content\/uploads\/2024\/11\/Card-Blog-Post-10.png?resize=350%2C200&ssl=1","width":350,"height":200,"srcset":"https:\/\/i0.wp.com\/media-camminiditalia.nbg1.your-objectstorage.com\/wp-content\/uploads\/2024\/11\/Card-Blog-Post-10.png?resize=350%2C200&ssl=1 1x, https:\/\/i0.wp.com\/media-camminiditalia.nbg1.your-objectstorage.com\/wp-content\/uploads\/2024\/11\/Card-Blog-Post-10.png?resize=525%2C300&ssl=1 1.5x, https:\/\/i0.wp.com\/media-camminiditalia.nbg1.your-objectstorage.com\/wp-content\/uploads\/2024\/11\/Card-Blog-Post-10.png?resize=700%2C400&ssl=1 2x"},"classes":[]},{"id":20832,"url":"https:\/\/camminiditalia.org\/sentiero-del-viandante\/","url_meta":{"origin":88647,"position":5},"title":"Il Sentiero del Viandante: un trekking panoramico lungo le rive del Lago di Como","author":"Cammini d'Italia","date":"21 junio 2023","format":false,"excerpt":"Il Sentiero del Viandante \u00e8 un percorso escursionistico di circa 49 chilometri appartenente alla rete delle Vie del Viandante situato lungo la costa orientale del Lago di Como, in Italia. Questo sentiero offre una vista panoramica mozzafiato sul lago e sulle montagne circostanti, attraversando numerosi villaggi pittoreschi lungo il percorso.\u2026","rel":"","context":"En \u00abBlog\u00bb","block_context":{"text":"Blog","link":"https:\/\/camminiditalia.org\/category\/blog\/"},"img":{"alt_text":"sentiero del viandante","src":"https:\/\/i0.wp.com\/media-camminiditalia.nbg1.your-objectstorage.com\/wp-content\/uploads\/2023\/06\/immagini-articolo.jpg?resize=350%2C200&ssl=1","width":350,"height":200,"srcset":"https:\/\/i0.wp.com\/media-camminiditalia.nbg1.your-objectstorage.com\/wp-content\/uploads\/2023\/06\/immagini-articolo.jpg?resize=350%2C200&ssl=1 1x, https:\/\/i0.wp.com\/media-camminiditalia.nbg1.your-objectstorage.com\/wp-content\/uploads\/2023\/06\/immagini-articolo.jpg?resize=525%2C300&ssl=1 1.5x, https:\/\/i0.wp.com\/media-camminiditalia.nbg1.your-objectstorage.com\/wp-content\/uploads\/2023\/06\/immagini-articolo.jpg?resize=700%2C400&ssl=1 2x, https:\/\/i0.wp.com\/media-camminiditalia.nbg1.your-objectstorage.com\/wp-content\/uploads\/2023\/06\/immagini-articolo.jpg?resize=1050%2C600&ssl=1 3x, https:\/\/i0.wp.com\/media-camminiditalia.nbg1.your-objectstorage.com\/wp-content\/uploads\/2023\/06\/immagini-articolo.jpg?resize=1400%2C800&ssl=1 4x"},"classes":[]}],"jetpack_sharing_enabled":true,"_links":{"self":[{"href":"https:\/\/camminiditalia.org\/es\/wp-json\/wp\/v2\/posts\/88647","targetHints":{"allow":["GET"]}}],"collection":[{"href":"https:\/\/camminiditalia.org\/es\/wp-json\/wp\/v2\/posts"}],"about":[{"href":"https:\/\/camminiditalia.org\/es\/wp-json\/wp\/v2\/types\/post"}],"author":[{"embeddable":true,"href":"https:\/\/camminiditalia.org\/es\/wp-json\/wp\/v2\/users\/5"}],"replies":[{"embeddable":true,"href":"https:\/\/camminiditalia.org\/es\/wp-json\/wp\/v2\/comments?post=88647"}],"version-history":[{"count":1,"href":"https:\/\/camminiditalia.org\/es\/wp-json\/wp\/v2\/posts\/88647\/revisions"}],"predecessor-version":[{"id":88648,"href":"https:\/\/camminiditalia.org\/es\/wp-json\/wp\/v2\/posts\/88647\/revisions\/88648"}],"wp:featuredmedia":[{"embeddable":true,"href":"https:\/\/camminiditalia.org\/es\/wp-json\/wp\/v2\/media\/65107"}],"wp:attachment":[{"href":"https:\/\/camminiditalia.org\/es\/wp-json\/wp\/v2\/media?parent=88647"}],"wp:term":[{"taxonomy":"category","embeddable":true,"href":"https:\/\/camminiditalia.org\/es\/wp-json\/wp\/v2\/categories?post=88647"},{"taxonomy":"post_tag","embeddable":true,"href":"https:\/\/camminiditalia.org\/es\/wp-json\/wp\/v2\/tags?post=88647"}],"curies":[{"name":"wp","href":"https:\/\/api.w.org\/{rel}","templated":true}]}}